{"id":11338,"date":"2022-09-16T15:22:19","date_gmt":"2022-09-16T15:22:19","guid":{"rendered":"https:\/\/www.lodelmomentoloja.com\/?p=11338"},"modified":"2022-09-16T20:24:15","modified_gmt":"2022-09-16T20:24:15","slug":"caso-desaparicion-de-abogada-maria-belen-bernal","status":"publish","type":"post","link":"https:\/\/www.lodelmomentoloja.com\/?p=11338","title":{"rendered":"Caso desaparici\u00f3n de Abogada Mar\u00eda Bel\u00e9n Bernal"},"content":{"rendered":"<p>#Loja| Era domingo 11 de septiembre. A las 00:45, la abogada Mar\u00eda Bel\u00e9n Bernal lleg\u00f3 a las instalaciones de la Escuela Superior de Polic\u00eda General Alberto Enr\u00edquez Gallo, en el norte de Quito, pero hasta el momento no se puede conocer que haya salido.<\/p>\n<p><iframe loading=\"lazy\" title=\"Abogada Mar\u00eda Bel\u00e9n Bernal desapareci\u00f3 en un recinto policial  | LO DEL MOMENTO LOJA\" width=\"640\" height=\"360\" src=\"https:\/\/www.youtube.com\/embed\/wSZxepquneQ?feature=oembed\" frameborder=\"0\" allow=\"accelerometer; autoplay; clipboard-write; encrypted-media; gyroscope; picture-in-picture; web-share\" referrerpolicy=\"strict-origin-when-cross-origin\" allowfullscreen><\/iframe><\/p>\n<p>www.lodelmomentoloja.com<br \/>\n#LDMnoticias #lodelmomentolojaLDM<\/p>\n","protected":false},"excerpt":{"rendered":"<p>#Loja| Era domingo 11 de septiembre. A las 00:45, la abogada Mar\u00eda Bel\u00e9n Bernal lleg\u00f3&#8230;<\/p>\n","protected":false},"author":1,"featured_media":11339,"comment_status":"open","ping_status":"open","sticky":false,"template":"","format":"standard","meta":{"footnotes":""},"categories":[7,1],"tags":[],"class_list":["post-11338","post","type-post","status-publish","format-standard","has-post-thumbnail","hentry","category-ecuador","category-inicio"],"_links":{"self":[{"href":"https:\/\/www.lodelmomentoloja.com\/index.php?rest_route=\/wp\/v2\/posts\/11338"}],"collection":[{"href":"https:\/\/www.lodelmomentoloja.com\/index.php?rest_route=\/wp\/v2\/posts"}],"about":[{"href":"https:\/\/www.lodelmomentoloja.com\/index.php?rest_route=\/wp\/v2\/types\/post"}],"author":[{"embeddable":true,"href":"https:\/\/www.lodelmomentoloja.com\/index.php?rest_route=\/wp\/v2\/users\/1"}],"replies":[{"embeddable":true,"href":"https:\/\/www.lodelmomentoloja.com\/index.php?rest_route=%2Fwp%2Fv2%2Fcomments&post=11338"}],"version-history":[{"count":1,"href":"https:\/\/www.lodelmomentoloja.com\/index.php?rest_route=\/wp\/v2\/posts\/11338\/revisions"}],"predecessor-version":[{"id":11340,"href":"https:\/\/www.lodelmomentoloja.com\/index.php?rest_route=\/wp\/v2\/posts\/11338\/revisions\/11340"}],"wp:featuredmedia":[{"embeddable":true,"href":"https:\/\/www.lodelmomentoloja.com\/index.php?rest_route=\/wp\/v2\/media\/11339"}],"wp:attachment":[{"href":"https:\/\/www.lodelmomentoloja.com\/index.php?rest_route=%2Fwp%2Fv2%2Fmedia&parent=11338"}],"wp:term":[{"taxonomy":"category","embeddable":true,"href":"https:\/\/www.lodelmomentoloja.com\/index.php?rest_route=%2Fwp%2Fv2%2Fcategories&post=11338"},{"taxonomy":"post_tag","embeddable":true,"href":"https:\/\/www.lodelmomentoloja.com\/index.php?rest_route=%2Fwp%2Fv2%2Ftags&post=11338"}],"curies":[{"name":"wp","href":"https:\/\/api.w.org\/{rel}","templated":true}]}}