{"id":11332,"date":"2022-09-16T09:52:28","date_gmt":"2022-09-16T09:52:28","guid":{"rendered":"https:\/\/www.lodelmomentoloja.com\/?p=11332"},"modified":"2022-09-16T14:55:04","modified_gmt":"2022-09-16T14:55:04","slug":"momentos-intimos-de-la-tri-plasmados-en-el-libro-de-gustavo-alfaro","status":"publish","type":"post","link":"https:\/\/www.lodelmomentoloja.com\/?p=11332","title":{"rendered":"&#8216;Momentos \u00cdntimos de la Tri&#8217;, plasmados en el libro de Gustavo Alfaro"},"content":{"rendered":"<p>#Nacional | Gustavo Alfaro revela momentos \u00edntimos de la \u2018Tricolor\u2019 en su libro.<\/p>\n<p>El seleccionador de Ecuador, el argentino Gustavo Alfaro, present\u00f3 este jueves en Quito su libro titulado \u201cCazadores de utop\u00edas imposibles\u201d. En esta obra \u00abdesnuda\u00bb algunos momentos \u00edntimos del camino de la Tricolor para alcanzar su cuarta clasificaci\u00f3n mundialista.<\/p>\n<p>Alfaro explic\u00f3 que el t\u00edtulo de \u201cCazadores de utop\u00edas imposibles\u201d lo tom\u00f3 del discurso que dio en el Estadio Monumental de Guayaquil. Ocurri\u00f3 ante la afici\u00f3n ecuatoriana tras finalizar el partido contra Argentina, en la \u00faltima jornada de eliminatorias.<\/p>\n<p>Sin embargo, viene, de antes, de una expresi\u00f3n que us\u00f3 un \u00edntimo amigo suyo al plantearse el objetivo de llevar a Ecuador a la Copa del Mundo. \u201cEmpezaron toda esta clase de desaf\u00edos y utop\u00edas, y por m\u00e1s dif\u00edciles y complejas que parezcan, no quiere decir que no se puedan alcanzar\u201d afirm\u00f3 Alfaro.<\/p>\n<p>Durante la presentaci\u00f3n del libro elogi\u00f3 el accionar de sus jugadores y de todo el personal involucrado alrededor de la selecci\u00f3n.<\/p>\n<p>\u201cCuando uno se decide a so\u00f1ar, el l\u00edmite es el cielo. A m\u00ed nadie me va a decir que hay algo que no pueda conseguir. Va a ser muy dif\u00edcil, pero como le digo a mis jugadores, todos los caminos cuestan abajo son m\u00e1s f\u00e1ciles, pero ninguno lleva a la cumbre, y nosotros los que queremos es ir para la cumbre\u201d, continu\u00f3.<\/p>\n<p>El t\u00e9cnico argentino reconoci\u00f3 que fue un desaf\u00edo muy lindo escribir este libro porque, honestamente, uno desnuda un poco la parte interna de este proceso que no se conoce.<\/p>\n<p>As\u00ed, Alfaro record\u00f3 el momento en el que Ecuador garantiz\u00f3 matem\u00e1ticamente su clasificaci\u00f3n a Qatar 2022, con una derrota ante Paraguay (3-1). Aquello le dej\u00f3 un sabor amargo y que no le permiti\u00f3 compartir la alegr\u00eda que desprend\u00eda el resto del equipo.<\/p>\n<p>Ya al d\u00eda siguiente, despu\u00e9s de no haber dormido en toda la noche, hubo una nueva reuni\u00f3n con sus jugadores. Ah\u00ed derramaron l\u00e1grimas por el aprendizaje mutuo que durante las eliminatorias hubo entre cuerpo t\u00e9cnico y futbolistas.<\/p>\n<p>El seleccionador de Ecuador cont\u00f3 que se anim\u00f3 a escribir este libro por insistencia de su familia. \u201cDespu\u00e9s del \u00faltimo partido ante Argentina (1-1) en Guayaquil, me reun\u00ed en un restaurante con mi familia, mi hija menor, Josefina, me dijo: \u2018pap\u00e1, ya no tienes excusa, ya tienes la historia\u201d, relat\u00f3 Alfaro.<\/p>\n<p>S\u00edguenos en #LDMnoticias \u00f3 en #lodelmomentolojaLDM<\/p>\n","protected":false},"excerpt":{"rendered":"<p>#Nacional | Gustavo Alfaro revela momentos \u00edntimos de la \u2018Tricolor\u2019 en su libro. El seleccionador&#8230;<\/p>\n","protected":false},"author":1,"featured_media":11333,"comment_status":"open","ping_status":"open","sticky":false,"template":"","format":"standard","meta":{"footnotes":""},"categories":[7,1],"tags":[],"class_list":["post-11332","post","type-post","status-publish","format-standard","has-post-thumbnail","hentry","category-ecuador","category-inicio"],"_links":{"self":[{"href":"https:\/\/www.lodelmomentoloja.com\/index.php?rest_route=\/wp\/v2\/posts\/11332"}],"collection":[{"href":"https:\/\/www.lodelmomentoloja.com\/index.php?rest_route=\/wp\/v2\/posts"}],"about":[{"href":"https:\/\/www.lodelmomentoloja.com\/index.php?rest_route=\/wp\/v2\/types\/post"}],"author":[{"embeddable":true,"href":"https:\/\/www.lodelmomentoloja.com\/index.php?rest_route=\/wp\/v2\/users\/1"}],"replies":[{"embeddable":true,"href":"https:\/\/www.lodelmomentoloja.com\/index.php?rest_route=%2Fwp%2Fv2%2Fcomments&post=11332"}],"version-history":[{"count":1,"href":"https:\/\/www.lodelmomentoloja.com\/index.php?rest_route=\/wp\/v2\/posts\/11332\/revisions"}],"predecessor-version":[{"id":11334,"href":"https:\/\/www.lodelmomentoloja.com\/index.php?rest_route=\/wp\/v2\/posts\/11332\/revisions\/11334"}],"wp:featuredmedia":[{"embeddable":true,"href":"https:\/\/www.lodelmomentoloja.com\/index.php?rest_route=\/wp\/v2\/media\/11333"}],"wp:attachment":[{"href":"https:\/\/www.lodelmomentoloja.com\/index.php?rest_route=%2Fwp%2Fv2%2Fmedia&parent=11332"}],"wp:term":[{"taxonomy":"category","embeddable":true,"href":"https:\/\/www.lodelmomentoloja.com\/index.php?rest_route=%2Fwp%2Fv2%2Fcategories&post=11332"},{"taxonomy":"post_tag","embeddable":true,"href":"https:\/\/www.lodelmomentoloja.com\/index.php?rest_route=%2Fwp%2Fv2%2Ftags&post=11332"}],"curies":[{"name":"wp","href":"https:\/\/api.w.org\/{rel}","templated":true}]}}