{"id":11317,"date":"2022-09-15T16:12:55","date_gmt":"2022-09-15T16:12:55","guid":{"rendered":"https:\/\/www.lodelmomentoloja.com\/?p=11317"},"modified":"2022-09-15T21:14:34","modified_gmt":"2022-09-15T21:14:34","slug":"roger-federer-se-retira-del-tenis","status":"publish","type":"post","link":"https:\/\/www.lodelmomentoloja.com\/?p=11317","title":{"rendered":"Roger Federer se retira del Tenis"},"content":{"rendered":"<p dir=\"ltr\">El legendario Roger Federer ha anunciado su inminente retirada del tenis mediante un v\u00eddeo en su cuenta de Twitter personal. Como \u00e9l mismo ha se\u00f1alado, la Copa Laver de la pr\u00f3xima semana ser\u00e1 su \u00faltimo torneo ATP.<\/p>\n<p dir=\"ltr\">\u00abComo muchos de ustedes saben, los \u00faltimos tres a\u00f1os me han sido un desaf\u00edo en forma de lesiones y cirug\u00edas. He trabajado duro para volver a estar en plena forma competitiva. Pero tambi\u00e9n conozco las capacidades y los l\u00edmites de mi cuerpo, y su mensaje es definitivo: tengo 41 a\u00f1os\u00bb, ha relatado el suizo.<\/p>\n<p dir=\"ltr\">\u00abHe jugado m\u00e1s de 1.500 partidos en 24 a\u00f1os. El tenis me ha tratado con m\u00e1s generosidad de lo que nunca hubiera so\u00f1ado, y ahora debo reconocer cu\u00e1ndo es el momento de terminar mi carrera competitiva\u00bb.<\/p>\n<p dir=\"ltr\">\u00abLa Copa Laver de la pr\u00f3xima semana en Londres ser\u00e1 mi \u00faltimo evento ATP. Jugar\u00e9 m\u00e1s tenis en el futuro, por supuesto, pero no en Grand Slams o en el circuito ATP\u00bb.<\/p>\n<p dir=\"ltr\">Fuente: ABC Deportes<\/p>\n<p dir=\"ltr\">S\u00edguenos en #LDMnoticias \u00f3 #lodelmomentolojaLDM<\/p>\n","protected":false},"excerpt":{"rendered":"<p>El legendario Roger Federer ha anunciado su inminente retirada del tenis mediante un v\u00eddeo en&#8230;<\/p>\n","protected":false},"author":1,"featured_media":11318,"comment_status":"open","ping_status":"open","sticky":false,"template":"","format":"standard","meta":{"footnotes":""},"categories":[1,4],"tags":[],"class_list":["post-11317","post","type-post","status-publish","format-standard","has-post-thumbnail","hentry","category-inicio","category-internacional"],"_links":{"self":[{"href":"https:\/\/www.lodelmomentoloja.com\/index.php?rest_route=\/wp\/v2\/posts\/11317"}],"collection":[{"href":"https:\/\/www.lodelmomentoloja.com\/index.php?rest_route=\/wp\/v2\/posts"}],"about":[{"href":"https:\/\/www.lodelmomentoloja.com\/index.php?rest_route=\/wp\/v2\/types\/post"}],"author":[{"embeddable":true,"href":"https:\/\/www.lodelmomentoloja.com\/index.php?rest_route=\/wp\/v2\/users\/1"}],"replies":[{"embeddable":true,"href":"https:\/\/www.lodelmomentoloja.com\/index.php?rest_route=%2Fwp%2Fv2%2Fcomments&post=11317"}],"version-history":[{"count":1,"href":"https:\/\/www.lodelmomentoloja.com\/index.php?rest_route=\/wp\/v2\/posts\/11317\/revisions"}],"predecessor-version":[{"id":11319,"href":"https:\/\/www.lodelmomentoloja.com\/index.php?rest_route=\/wp\/v2\/posts\/11317\/revisions\/11319"}],"wp:featuredmedia":[{"embeddable":true,"href":"https:\/\/www.lodelmomentoloja.com\/index.php?rest_route=\/wp\/v2\/media\/11318"}],"wp:attachment":[{"href":"https:\/\/www.lodelmomentoloja.com\/index.php?rest_route=%2Fwp%2Fv2%2Fmedia&parent=11317"}],"wp:term":[{"taxonomy":"category","embeddable":true,"href":"https:\/\/www.lodelmomentoloja.com\/index.php?rest_route=%2Fwp%2Fv2%2Fcategories&post=11317"},{"taxonomy":"post_tag","embeddable":true,"href":"https:\/\/www.lodelmomentoloja.com\/index.php?rest_route=%2Fwp%2Fv2%2Ftags&post=11317"}],"curies":[{"name":"wp","href":"https:\/\/api.w.org\/{rel}","templated":true}]}}