{"id":11305,"date":"2022-09-15T10:41:38","date_gmt":"2022-09-15T10:41:38","guid":{"rendered":"https:\/\/www.lodelmomentoloja.com\/?p=11305"},"modified":"2022-09-15T15:42:55","modified_gmt":"2022-09-15T15:42:55","slug":"concejal-santiago-erraez-critico-la-administracion-del-gad-loja","status":"publish","type":"post","link":"https:\/\/www.lodelmomentoloja.com\/?p=11305","title":{"rendered":"Concejal Santiago Err\u00e1ez critic\u00f3 la administraci\u00f3n del GAD Loja"},"content":{"rendered":"<p>#Loja | Concejal Santiago Err\u00e1ez critic\u00f3 la administraci\u00f3n del GAD Loja.<\/p>\n<p>A trav\u00e9s de su fanpage de Facebook, el concejal y cantautor lojano, expreso sus cr\u00edticas tras la administraci\u00f3n que lleva el Gobierno Aut\u00f3nomo Descentralizado de Loja.<\/p>\n<p>En dicho post mencion\u00f3 lo siguiente:<\/p>\n<p>Es urgente cambiar la estructura administrativa del Municipio de Loja \ud83d\udc49\ud83c\udffc Los jefes departamentales ya no van a reuniones, las ordenanzas las cumplen solo para unos y a su modo (Higiene), no responden a interrogantes o preocupaciones de los ciudadanos, v\u00edas destrozadas (UMAPAL Y OBRAS P\u00daBLICAS), no atienden mediaciones (S\u00edndico), tienen denuncias y siguen en el puesto (UCOT), ARTES VIVAS 2021 a\u00fan no se paga, No puede nuestro &#8220;Procurador&#8221; hallarle una salida para el pago de artistas de la instituci\u00f3n de este a\u00f1o o no le interesa el tema, personal sin experiencia puesto a dedo, etc&#8230;<\/p>\n<p>Ahora resulta que despu\u00e9s que abandonaron la reuni\u00f3n con un irrespeto absoluto de partes del COORDINADOR GENERAL, hacia los moradores de la ciudadela Zamora y due\u00f1os de locales del sector, llaman al &#8220;di\u00e1logo&#8221;, cunado ya se present\u00f3 una reforma el viernes y a\u00fan no convocan a sesi\u00f3n de Cabildo, \u00bfQue inter\u00e9s hay por debajo?<\/p>\n<p>Estamos peor que antes, es la verdad, as\u00ed nos seguimos yendo para atr\u00e1s.<\/p>\n<p>www.lodelmomentomoja.com<br \/>\n#LDMnoticias #lodelmomentolojaLDM<\/p>\n","protected":false},"excerpt":{"rendered":"<p>#Loja | Concejal Santiago Err\u00e1ez critic\u00f3 la administraci\u00f3n del GAD Loja. A trav\u00e9s de su&#8230;<\/p>\n","protected":false},"author":1,"featured_media":11306,"comment_status":"open","ping_status":"open","sticky":false,"template":"","format":"standard","meta":{"footnotes":""},"categories":[1,5],"tags":[],"class_list":["post-11305","post","type-post","status-publish","format-standard","has-post-thumbnail","hentry","category-inicio","category-loja"],"_links":{"self":[{"href":"https:\/\/www.lodelmomentoloja.com\/index.php?rest_route=\/wp\/v2\/posts\/11305"}],"collection":[{"href":"https:\/\/www.lodelmomentoloja.com\/index.php?rest_route=\/wp\/v2\/posts"}],"about":[{"href":"https:\/\/www.lodelmomentoloja.com\/index.php?rest_route=\/wp\/v2\/types\/post"}],"author":[{"embeddable":true,"href":"https:\/\/www.lodelmomentoloja.com\/index.php?rest_route=\/wp\/v2\/users\/1"}],"replies":[{"embeddable":true,"href":"https:\/\/www.lodelmomentoloja.com\/index.php?rest_route=%2Fwp%2Fv2%2Fcomments&post=11305"}],"version-history":[{"count":1,"href":"https:\/\/www.lodelmomentoloja.com\/index.php?rest_route=\/wp\/v2\/posts\/11305\/revisions"}],"predecessor-version":[{"id":11307,"href":"https:\/\/www.lodelmomentoloja.com\/index.php?rest_route=\/wp\/v2\/posts\/11305\/revisions\/11307"}],"wp:featuredmedia":[{"embeddable":true,"href":"https:\/\/www.lodelmomentoloja.com\/index.php?rest_route=\/wp\/v2\/media\/11306"}],"wp:attachment":[{"href":"https:\/\/www.lodelmomentoloja.com\/index.php?rest_route=%2Fwp%2Fv2%2Fmedia&parent=11305"}],"wp:term":[{"taxonomy":"category","embeddable":true,"href":"https:\/\/www.lodelmomentoloja.com\/index.php?rest_route=%2Fwp%2Fv2%2Fcategories&post=11305"},{"taxonomy":"post_tag","embeddable":true,"href":"https:\/\/www.lodelmomentoloja.com\/index.php?rest_route=%2Fwp%2Fv2%2Ftags&post=11305"}],"curies":[{"name":"wp","href":"https:\/\/api.w.org\/{rel}","templated":true}]}}