{"id":11285,"date":"2022-09-14T15:56:53","date_gmt":"2022-09-14T15:56:53","guid":{"rendered":"https:\/\/www.lodelmomentoloja.com\/?p=11285"},"modified":"2022-09-14T21:02:48","modified_gmt":"2022-09-14T21:02:48","slug":"inauguracion-de-la-exposicion-pictorica-de-realidades-alteradas","status":"publish","type":"post","link":"https:\/\/www.lodelmomentoloja.com\/?p=11285","title":{"rendered":"Inauguraci\u00f3n de la exposici\u00f3n pict\u00f3rica de realidades alteradas"},"content":{"rendered":"<p>#Loja| La inauguraci\u00f3n de la exposici\u00f3n pict\u00f3rica de realidades alteradas, ser\u00e1 el d\u00eda jueves, 15 de septiembre, a las 19h00, en el Museo y centro cultural de Loja, ubicado en las calles 10 de agosto, entre bol\u00edvar bernardo Valdivieso. Adem\u00e1s, la exposici\u00f3n estar\u00e1 abierta al p\u00fablico desde el 15 de septiembre hasta el 31 de octubre.<\/p>\n<p><iframe loading=\"lazy\" title=\"\u201cRealidades Alteradas\u201d estar\u00e1 abierta al p\u00fablico en el Museo y Centro Cultural | LO DEL MOMENTO LOJA\" width=\"640\" height=\"360\" src=\"https:\/\/www.youtube.com\/embed\/BleCDwjm9qU?feature=oembed\" frameborder=\"0\" allow=\"accelerometer; autoplay; clipboard-write; encrypted-media; gyroscope; picture-in-picture; web-share\" referrerpolicy=\"strict-origin-when-cross-origin\" allowfullscreen><\/iframe><\/p>\n<p>www.lodelmomentoloja.com<br \/>\n#LDMnoticias #lodelmomentolojaLDM<\/p>\n","protected":false},"excerpt":{"rendered":"<p>#Loja| La inauguraci\u00f3n de la exposici\u00f3n pict\u00f3rica de realidades alteradas, ser\u00e1 el d\u00eda jueves, 15&#8230;<\/p>\n","protected":false},"author":1,"featured_media":11286,"comment_status":"open","ping_status":"open","sticky":false,"template":"","format":"standard","meta":{"footnotes":""},"categories":[1,5],"tags":[],"class_list":["post-11285","post","type-post","status-publish","format-standard","has-post-thumbnail","hentry","category-inicio","category-loja"],"_links":{"self":[{"href":"https:\/\/www.lodelmomentoloja.com\/index.php?rest_route=\/wp\/v2\/posts\/11285"}],"collection":[{"href":"https:\/\/www.lodelmomentoloja.com\/index.php?rest_route=\/wp\/v2\/posts"}],"about":[{"href":"https:\/\/www.lodelmomentoloja.com\/index.php?rest_route=\/wp\/v2\/types\/post"}],"author":[{"embeddable":true,"href":"https:\/\/www.lodelmomentoloja.com\/index.php?rest_route=\/wp\/v2\/users\/1"}],"replies":[{"embeddable":true,"href":"https:\/\/www.lodelmomentoloja.com\/index.php?rest_route=%2Fwp%2Fv2%2Fcomments&post=11285"}],"version-history":[{"count":1,"href":"https:\/\/www.lodelmomentoloja.com\/index.php?rest_route=\/wp\/v2\/posts\/11285\/revisions"}],"predecessor-version":[{"id":11290,"href":"https:\/\/www.lodelmomentoloja.com\/index.php?rest_route=\/wp\/v2\/posts\/11285\/revisions\/11290"}],"wp:featuredmedia":[{"embeddable":true,"href":"https:\/\/www.lodelmomentoloja.com\/index.php?rest_route=\/wp\/v2\/media\/11286"}],"wp:attachment":[{"href":"https:\/\/www.lodelmomentoloja.com\/index.php?rest_route=%2Fwp%2Fv2%2Fmedia&parent=11285"}],"wp:term":[{"taxonomy":"category","embeddable":true,"href":"https:\/\/www.lodelmomentoloja.com\/index.php?rest_route=%2Fwp%2Fv2%2Fcategories&post=11285"},{"taxonomy":"post_tag","embeddable":true,"href":"https:\/\/www.lodelmomentoloja.com\/index.php?rest_route=%2Fwp%2Fv2%2Ftags&post=11285"}],"curies":[{"name":"wp","href":"https:\/\/api.w.org\/{rel}","templated":true}]}}