{"id":11181,"date":"2022-09-09T08:40:29","date_gmt":"2022-09-09T08:40:29","guid":{"rendered":"https:\/\/www.lodelmomentoloja.com\/?p=11181"},"modified":"2022-09-09T13:42:27","modified_gmt":"2022-09-09T13:42:27","slug":"asambleistas-de-ecuador-se-van-de-vacaciones","status":"publish","type":"post","link":"https:\/\/www.lodelmomentoloja.com\/?p=11181","title":{"rendered":"Asamble\u00edstas de Ecuador, se van de vacaciones"},"content":{"rendered":"<p>Del 12 al 26 de septiembre de 2022, los 137 asamble\u00edstas del Ecuador saldr\u00e1n de #vacaciones, seg\u00fan lo resuelto por el Consejo de Administraci\u00f3n de la Legislatura (CAL), basados en la Constituci\u00f3n y la Ley disponen dos recesos al a\u00f1o de 15 d\u00edas cada uno para esta Funci\u00f3n del Estado, de car\u00e1cter legislativa.<\/p>\n<p>Durante este periodo de tiempo se #suspenden todos los plazos para el tr\u00e1mite de proyectos de ley y juicios pol\u00edticos.<\/p>\n<p>Fuente: Radio Din\u00e1mica<\/p>\n<p>#LDMnoticias #lodelmomentolojaLDM<\/p>\n","protected":false},"excerpt":{"rendered":"<p>Del 12 al 26 de septiembre de 2022, los 137 asamble\u00edstas del Ecuador saldr\u00e1n de&#8230;<\/p>\n","protected":false},"author":1,"featured_media":11182,"comment_status":"open","ping_status":"open","sticky":false,"template":"","format":"standard","meta":{"footnotes":""},"categories":[7,1],"tags":[],"class_list":["post-11181","post","type-post","status-publish","format-standard","has-post-thumbnail","hentry","category-ecuador","category-inicio"],"_links":{"self":[{"href":"https:\/\/www.lodelmomentoloja.com\/index.php?rest_route=\/wp\/v2\/posts\/11181"}],"collection":[{"href":"https:\/\/www.lodelmomentoloja.com\/index.php?rest_route=\/wp\/v2\/posts"}],"about":[{"href":"https:\/\/www.lodelmomentoloja.com\/index.php?rest_route=\/wp\/v2\/types\/post"}],"author":[{"embeddable":true,"href":"https:\/\/www.lodelmomentoloja.com\/index.php?rest_route=\/wp\/v2\/users\/1"}],"replies":[{"embeddable":true,"href":"https:\/\/www.lodelmomentoloja.com\/index.php?rest_route=%2Fwp%2Fv2%2Fcomments&post=11181"}],"version-history":[{"count":1,"href":"https:\/\/www.lodelmomentoloja.com\/index.php?rest_route=\/wp\/v2\/posts\/11181\/revisions"}],"predecessor-version":[{"id":11183,"href":"https:\/\/www.lodelmomentoloja.com\/index.php?rest_route=\/wp\/v2\/posts\/11181\/revisions\/11183"}],"wp:featuredmedia":[{"embeddable":true,"href":"https:\/\/www.lodelmomentoloja.com\/index.php?rest_route=\/wp\/v2\/media\/11182"}],"wp:attachment":[{"href":"https:\/\/www.lodelmomentoloja.com\/index.php?rest_route=%2Fwp%2Fv2%2Fmedia&parent=11181"}],"wp:term":[{"taxonomy":"category","embeddable":true,"href":"https:\/\/www.lodelmomentoloja.com\/index.php?rest_route=%2Fwp%2Fv2%2Fcategories&post=11181"},{"taxonomy":"post_tag","embeddable":true,"href":"https:\/\/www.lodelmomentoloja.com\/index.php?rest_route=%2Fwp%2Fv2%2Ftags&post=11181"}],"curies":[{"name":"wp","href":"https:\/\/api.w.org\/{rel}","templated":true}]}}