{"id":11153,"date":"2022-09-08T13:39:48","date_gmt":"2022-09-08T13:39:48","guid":{"rendered":"https:\/\/www.lodelmomentoloja.com\/?p=11153"},"modified":"2022-09-08T18:45:44","modified_gmt":"2022-09-08T18:45:44","slug":"murio-la-reina-isabel-ll","status":"publish","type":"post","link":"https:\/\/www.lodelmomentoloja.com\/?p=11153","title":{"rendered":"Muri\u00f3 la Reina Isabel ll"},"content":{"rendered":"<p>#Internacional | La reina <b>Isabel II\u00a0<\/b>falleci\u00f3 este jueves 8 de septiembre a los\u00a0<b>96 a\u00f1os<\/b>, y luego de 70 como monarca de\u00a0<b>Reino Unido<\/b>.<\/p>\n<p>Isabel II muri\u00f3 en el castillo de\u00a0<b>Balmoral<\/b>, en\u00a0<b>Escocia<\/b>, donde m\u00e1s temprano sus cuatro hijos, sus nietos y dem\u00e1s familiares acudieron para acompa\u00f1arla en su lecho.<\/p>\n<p>&#8220;La reina muri\u00f3 pac\u00edficamente en Balmoral esta tarde. El rey y la reina consorte permanecer\u00e1n en Balmoral esta noche y regresar\u00e1n a Londres ma\u00f1ana&#8221;, inform\u00f3 la\u00a0<b>Familia Real brit\u00e1nica<\/b>\u00a0en sus redes sociales, a las 12:30 de este jueves (hora de Ecuador continental).<\/p>\n<p>www.lodelmomentoloja.com<\/p>\n<p>#LDMnoticias #lodelmomentolojaLDM<\/p>\n","protected":false},"excerpt":{"rendered":"<p>#Internacional | La reina Isabel II\u00a0falleci\u00f3 este jueves 8 de septiembre a los\u00a096 a\u00f1os, y&#8230;<\/p>\n","protected":false},"author":1,"featured_media":11154,"comment_status":"open","ping_status":"open","sticky":false,"template":"","format":"standard","meta":{"footnotes":""},"categories":[1,4],"tags":[],"class_list":["post-11153","post","type-post","status-publish","format-standard","has-post-thumbnail","hentry","category-inicio","category-internacional"],"_links":{"self":[{"href":"https:\/\/www.lodelmomentoloja.com\/index.php?rest_route=\/wp\/v2\/posts\/11153"}],"collection":[{"href":"https:\/\/www.lodelmomentoloja.com\/index.php?rest_route=\/wp\/v2\/posts"}],"about":[{"href":"https:\/\/www.lodelmomentoloja.com\/index.php?rest_route=\/wp\/v2\/types\/post"}],"author":[{"embeddable":true,"href":"https:\/\/www.lodelmomentoloja.com\/index.php?rest_route=\/wp\/v2\/users\/1"}],"replies":[{"embeddable":true,"href":"https:\/\/www.lodelmomentoloja.com\/index.php?rest_route=%2Fwp%2Fv2%2Fcomments&post=11153"}],"version-history":[{"count":1,"href":"https:\/\/www.lodelmomentoloja.com\/index.php?rest_route=\/wp\/v2\/posts\/11153\/revisions"}],"predecessor-version":[{"id":11155,"href":"https:\/\/www.lodelmomentoloja.com\/index.php?rest_route=\/wp\/v2\/posts\/11153\/revisions\/11155"}],"wp:featuredmedia":[{"embeddable":true,"href":"https:\/\/www.lodelmomentoloja.com\/index.php?rest_route=\/wp\/v2\/media\/11154"}],"wp:attachment":[{"href":"https:\/\/www.lodelmomentoloja.com\/index.php?rest_route=%2Fwp%2Fv2%2Fmedia&parent=11153"}],"wp:term":[{"taxonomy":"category","embeddable":true,"href":"https:\/\/www.lodelmomentoloja.com\/index.php?rest_route=%2Fwp%2Fv2%2Fcategories&post=11153"},{"taxonomy":"post_tag","embeddable":true,"href":"https:\/\/www.lodelmomentoloja.com\/index.php?rest_route=%2Fwp%2Fv2%2Ftags&post=11153"}],"curies":[{"name":"wp","href":"https:\/\/api.w.org\/{rel}","templated":true}]}}