{"id":11110,"date":"2022-09-06T14:22:53","date_gmt":"2022-09-06T14:22:53","guid":{"rendered":"https:\/\/www.lodelmomentoloja.com\/?p=11110"},"modified":"2022-09-06T19:24:25","modified_gmt":"2022-09-06T19:24:25","slug":"ciclistas-ecuatorianos-competiran-a-nivel-internacional","status":"publish","type":"post","link":"https:\/\/www.lodelmomentoloja.com\/?p=11110","title":{"rendered":"Ciclistas ecuatorianos competir\u00e1n a nivel internacional"},"content":{"rendered":"<p>Jhonatan Narv\u00e1ez participar\u00e1 en la categor\u00eda elite y Mart\u00edn L\u00f3pez (Astana) en la Sub 23, seg\u00fan confirm\u00f3 el organismo el pasado 2 de septiembre del 2022.<\/p>\n<p>Carapaz, vencedor del Giro de Italia 2019, ha ganado de momento dos etapas en la Vuelta a Espa\u00f1a 2022, en las llegadas en alto a Pe\u00f1as Blancas y La Pandera, y es decimos\u00e9ptimo en la general. La carrera finalizar\u00e1 en Madrid el 11 de septiembre.<\/p>\n<p>Desde la FEC tambi\u00e9n se indic\u00f3 que otros &#8220;grandes ciclistas&#8221; no podr\u00e1n ser parte de la selecci\u00f3n en el Mundial por problemas f\u00edsicos o familiares.<\/p>\n<p>En ese sentido, se descarta la participaci\u00f3n en el Mundial del campe\u00f3n ol\u00edmpico Richard Carapaz, as\u00ed como de representantes en la rama femenina.<\/p>\n<p>El Campeonato Mundial de Ruta UCI 2022 se realizar\u00e1 en Wollongong, Australia, del 18 al 25 de septiembre del 2022.<\/p>\n<p>Fuente: El Comercio<\/p>\n<ol>\n<li>#LDMnoticias #lodelmomentolojaLDM<\/li>\n<\/ol>\n","protected":false},"excerpt":{"rendered":"<p>Jhonatan Narv\u00e1ez participar\u00e1 en la categor\u00eda elite y Mart\u00edn L\u00f3pez (Astana) en la Sub 23,&#8230;<\/p>\n","protected":false},"author":1,"featured_media":11111,"comment_status":"open","ping_status":"open","sticky":false,"template":"","format":"standard","meta":{"footnotes":""},"categories":[1,4],"tags":[],"class_list":["post-11110","post","type-post","status-publish","format-standard","has-post-thumbnail","hentry","category-inicio","category-internacional"],"_links":{"self":[{"href":"https:\/\/www.lodelmomentoloja.com\/index.php?rest_route=\/wp\/v2\/posts\/11110"}],"collection":[{"href":"https:\/\/www.lodelmomentoloja.com\/index.php?rest_route=\/wp\/v2\/posts"}],"about":[{"href":"https:\/\/www.lodelmomentoloja.com\/index.php?rest_route=\/wp\/v2\/types\/post"}],"author":[{"embeddable":true,"href":"https:\/\/www.lodelmomentoloja.com\/index.php?rest_route=\/wp\/v2\/users\/1"}],"replies":[{"embeddable":true,"href":"https:\/\/www.lodelmomentoloja.com\/index.php?rest_route=%2Fwp%2Fv2%2Fcomments&post=11110"}],"version-history":[{"count":1,"href":"https:\/\/www.lodelmomentoloja.com\/index.php?rest_route=\/wp\/v2\/posts\/11110\/revisions"}],"predecessor-version":[{"id":11112,"href":"https:\/\/www.lodelmomentoloja.com\/index.php?rest_route=\/wp\/v2\/posts\/11110\/revisions\/11112"}],"wp:featuredmedia":[{"embeddable":true,"href":"https:\/\/www.lodelmomentoloja.com\/index.php?rest_route=\/wp\/v2\/media\/11111"}],"wp:attachment":[{"href":"https:\/\/www.lodelmomentoloja.com\/index.php?rest_route=%2Fwp%2Fv2%2Fmedia&parent=11110"}],"wp:term":[{"taxonomy":"category","embeddable":true,"href":"https:\/\/www.lodelmomentoloja.com\/index.php?rest_route=%2Fwp%2Fv2%2Fcategories&post=11110"},{"taxonomy":"post_tag","embeddable":true,"href":"https:\/\/www.lodelmomentoloja.com\/index.php?rest_route=%2Fwp%2Fv2%2Ftags&post=11110"}],"curies":[{"name":"wp","href":"https:\/\/api.w.org\/{rel}","templated":true}]}}