{"id":11092,"date":"2022-09-05T18:19:29","date_gmt":"2022-09-05T18:19:29","guid":{"rendered":"https:\/\/www.lodelmomentoloja.com\/?p=11092"},"modified":"2022-09-05T23:21:21","modified_gmt":"2022-09-05T23:21:21","slug":"alcaldesa-viteri-ofrece-una-isla-para-crear-una-carcel","status":"publish","type":"post","link":"https:\/\/www.lodelmomentoloja.com\/?p=11092","title":{"rendered":"Alcaldesa Viteri ofrece una isla para crear una c\u00e1rcel"},"content":{"rendered":"<p>Alcaldesa Viteri ofrece una isla de Guayaquil para que se construya una c\u00e1rcel<\/p>\n<p>La falta de seguridad en el Ecuador se ha vuelto insostenible, la alcaldesa de Guayaquil platea una propuesta al Gobierno para ayudar a controlar los \u00edndices de delincuencia en el pa\u00eds.<\/p>\n<p>Tras los m\u00faltiples incidentes que se ha vivido en los \u00faltimos meses en la Penitenciar\u00eda del Litoral y el clima de violencia que afronta la ciudad de Guayaquil, la alcaldesa Cynthia Viteri ha realizado la ma\u00f1ana de este lunes una propuesta para llevar la c\u00e1rcel a otro sitio.<\/p>\n<p>Viteri plante\u00f3 construir un reclusorio en una de las islas que est\u00e1n dentro de la jurisdicci\u00f3n de Guayaquil para sacar la Penitenciar\u00eda de los l\u00edmites urbanos y as\u00ed traer un poco se calma en la zona, todo esto lo comento mediante una entrevista en el medio de comunicaci\u00f3n radial \u201cCanela\u201d.<\/p>\n<p>\u201cNosotros incluso est\u00e1bamos viendo para dar al Gobierno, en concesi\u00f3n, una isla, tenemos islas en Guayaquil deshabitadas&#8230;\u201d, dijo Viteri.<\/p>\n<p>La alcaldesa indic\u00f3 que se podr\u00eda retirar la c\u00e1rcel de Guayaquil y trasladarla a una isla, pues se sacar\u00eda la comunicaci\u00f3n y se establecer\u00edan restricciones para los reos y menciono que empresas internacionales se pueden hacer cargo de eso, como lo hacen en otras ciudades.<\/p>\n<p>La funcionaria record\u00f3 que el recinto penitenciario, ubicado en la v\u00eda a Daule, pr\u00e1cticamente qued\u00f3 en el \u00e1rea urbana de la ciudad, por ello la isla que ella propondr\u00eda ser\u00eda una isla deshabitada de 135 hect\u00e1reas, aunque no precis\u00f3 el nombre.<\/p>\n<p>Hay que recordar que d\u00e9cadas atr\u00e1s en Gal\u00e1pagos tambi\u00e9n funcion\u00f3 una c\u00e1rcel por pocos a\u00f1os, una c\u00e1rcel a cielo abierto, que oper\u00f3 desde 1946 durante 13 a\u00f1os.<\/p>\n<p>Historiadores indican que tres centenares de reos trasladados desde el Ecuador continental fueron llevados a cumplir sus penas a ese sitio.<\/p>\n<p>Especialistas indican que el \u00faltimo altercado en la Penitenciar\u00eda del Litoral pone en evidencia un desarme en las c\u00e1rceles que no ha funcionado y que persiste la falta de control de los pabellones.<\/p>\n<p>Adem\u00e1s, expertos aseguran que ubicar una c\u00e1rcel fuera de la zona urbana traer beneficios en cuanto a la seguridad de las personas que residen por los alrededores, pero m\u00e1s no se controlar\u00eda el problema de falta de seguridad por el que atraviesa el Ecuador.<\/p>\n","protected":false},"excerpt":{"rendered":"<p>Alcaldesa Viteri ofrece una isla de Guayaquil para que se construya una c\u00e1rcel La falta&#8230;<\/p>\n","protected":false},"author":1,"featured_media":11093,"comment_status":"open","ping_status":"open","sticky":false,"template":"","format":"standard","meta":{"footnotes":""},"categories":[7,1],"tags":[],"class_list":["post-11092","post","type-post","status-publish","format-standard","has-post-thumbnail","hentry","category-ecuador","category-inicio"],"_links":{"self":[{"href":"https:\/\/www.lodelmomentoloja.com\/index.php?rest_route=\/wp\/v2\/posts\/11092"}],"collection":[{"href":"https:\/\/www.lodelmomentoloja.com\/index.php?rest_route=\/wp\/v2\/posts"}],"about":[{"href":"https:\/\/www.lodelmomentoloja.com\/index.php?rest_route=\/wp\/v2\/types\/post"}],"author":[{"embeddable":true,"href":"https:\/\/www.lodelmomentoloja.com\/index.php?rest_route=\/wp\/v2\/users\/1"}],"replies":[{"embeddable":true,"href":"https:\/\/www.lodelmomentoloja.com\/index.php?rest_route=%2Fwp%2Fv2%2Fcomments&post=11092"}],"version-history":[{"count":1,"href":"https:\/\/www.lodelmomentoloja.com\/index.php?rest_route=\/wp\/v2\/posts\/11092\/revisions"}],"predecessor-version":[{"id":11094,"href":"https:\/\/www.lodelmomentoloja.com\/index.php?rest_route=\/wp\/v2\/posts\/11092\/revisions\/11094"}],"wp:featuredmedia":[{"embeddable":true,"href":"https:\/\/www.lodelmomentoloja.com\/index.php?rest_route=\/wp\/v2\/media\/11093"}],"wp:attachment":[{"href":"https:\/\/www.lodelmomentoloja.com\/index.php?rest_route=%2Fwp%2Fv2%2Fmedia&parent=11092"}],"wp:term":[{"taxonomy":"category","embeddable":true,"href":"https:\/\/www.lodelmomentoloja.com\/index.php?rest_route=%2Fwp%2Fv2%2Fcategories&post=11092"},{"taxonomy":"post_tag","embeddable":true,"href":"https:\/\/www.lodelmomentoloja.com\/index.php?rest_route=%2Fwp%2Fv2%2Ftags&post=11092"}],"curies":[{"name":"wp","href":"https:\/\/api.w.org\/{rel}","templated":true}]}}