{"id":11074,"date":"2022-09-03T11:35:40","date_gmt":"2022-09-03T11:35:40","guid":{"rendered":"https:\/\/www.lodelmomentoloja.com\/?p=11074"},"modified":"2022-09-03T16:37:02","modified_gmt":"2022-09-03T16:37:02","slug":"ecuador-dara-amnistia-migratoria-a-extranjeros","status":"publish","type":"post","link":"https:\/\/www.lodelmomentoloja.com\/?p=11074","title":{"rendered":"Ecuador dar\u00e1 amnist\u00eda migratoria a extranjeros"},"content":{"rendered":"<p>Amnist\u00eda migratoria que dar\u00e1 Ecuador a miles de inmigrantes venezolanos<\/p>\n<p>Se estima que en el pr\u00f3ximo a\u00f1o la vida de unos 325.000 migrantes en situaci\u00f3n irregular en Ecuador cambiar\u00e1 sustancialmente.<\/p>\n<p>Ecuador inici\u00f3 el 1 de septiembre un proceso masivo de regularizaci\u00f3n a migrantes extranjeros indocumentados, que carecen de visas o un derecho legal para permanecer en el pa\u00eds. Esta amnist\u00eda migratoria, que durar\u00e1 al menos un a\u00f1o, abre la puerta a la esperanza a miles de familias para normalizar su situaci\u00f3n.<\/p>\n<p>Tras un registro migratorio, quienes consigan una visa y quieran quedarse permanentemente en Ecuador podr\u00edan optar finalmente a una c\u00e9dula, este documento, dar\u00e1 acceso a algunos servicios b\u00e1sicos que no se pueden tramitar con un pasaporte.<\/p>\n<p>Ecuador es uno de los principales destinos de miles de venezolanos que salieron de su naci\u00f3n, debido a la crisis econ\u00f3mica y social, que ha provocado un \u00e9xodo de millones de ciudadanos de ese pa\u00eds.<br \/>\nDe acuerdo con Alto Comisionado de las Naciones Unidas para los Refugiados (ACNUR), m\u00e1s de 500.000 venezolanos se encuentran en Ecuador, el 62 % en condici\u00f3n irregular.<br \/>\nEl proceso, que involucra a varios ministerios y a la Canciller\u00eda, se dividir\u00e1 en 3 fases, la primera est\u00e1 dirigida a los ciudadanos venezolanos y su grupo familiar, que ingresaron en el pa\u00eds por un punto oficial, la segunda fase podr\u00e1 iniciar el mismo tr\u00e1mite el resto de ciudadanos extranjeros que ingresaron por un punto oficial.<\/p>\n<p>Las cifras no oficiales avisan de que en esta \u00faltima fase se podr\u00edan regularizar hasta otros 300.000 venezolanos y el gobierno ecuatoriano, dijo que no regularizar\u00e1 a las personas que tengan antecedentes penales.<\/p>\n","protected":false},"excerpt":{"rendered":"<p>Amnist\u00eda migratoria que dar\u00e1 Ecuador a miles de inmigrantes venezolanos Se estima que en el&#8230;<\/p>\n","protected":false},"author":1,"featured_media":11075,"comment_status":"open","ping_status":"open","sticky":false,"template":"","format":"standard","meta":{"footnotes":""},"categories":[7,1],"tags":[],"class_list":["post-11074","post","type-post","status-publish","format-standard","has-post-thumbnail","hentry","category-ecuador","category-inicio"],"_links":{"self":[{"href":"https:\/\/www.lodelmomentoloja.com\/index.php?rest_route=\/wp\/v2\/posts\/11074"}],"collection":[{"href":"https:\/\/www.lodelmomentoloja.com\/index.php?rest_route=\/wp\/v2\/posts"}],"about":[{"href":"https:\/\/www.lodelmomentoloja.com\/index.php?rest_route=\/wp\/v2\/types\/post"}],"author":[{"embeddable":true,"href":"https:\/\/www.lodelmomentoloja.com\/index.php?rest_route=\/wp\/v2\/users\/1"}],"replies":[{"embeddable":true,"href":"https:\/\/www.lodelmomentoloja.com\/index.php?rest_route=%2Fwp%2Fv2%2Fcomments&post=11074"}],"version-history":[{"count":1,"href":"https:\/\/www.lodelmomentoloja.com\/index.php?rest_route=\/wp\/v2\/posts\/11074\/revisions"}],"predecessor-version":[{"id":11076,"href":"https:\/\/www.lodelmomentoloja.com\/index.php?rest_route=\/wp\/v2\/posts\/11074\/revisions\/11076"}],"wp:featuredmedia":[{"embeddable":true,"href":"https:\/\/www.lodelmomentoloja.com\/index.php?rest_route=\/wp\/v2\/media\/11075"}],"wp:attachment":[{"href":"https:\/\/www.lodelmomentoloja.com\/index.php?rest_route=%2Fwp%2Fv2%2Fmedia&parent=11074"}],"wp:term":[{"taxonomy":"category","embeddable":true,"href":"https:\/\/www.lodelmomentoloja.com\/index.php?rest_route=%2Fwp%2Fv2%2Fcategories&post=11074"},{"taxonomy":"post_tag","embeddable":true,"href":"https:\/\/www.lodelmomentoloja.com\/index.php?rest_route=%2Fwp%2Fv2%2Ftags&post=11074"}],"curies":[{"name":"wp","href":"https:\/\/api.w.org\/{rel}","templated":true}]}}