{"id":1105,"date":"2020-12-08T10:09:29","date_gmt":"2020-12-08T10:09:29","guid":{"rendered":"http:\/\/www.lodelmomentoloja.com\/?p=1105"},"modified":"2020-12-08T15:12:57","modified_gmt":"2020-12-08T15:12:57","slug":"loja-472-anos-de-fundacion","status":"publish","type":"post","link":"https:\/\/www.lodelmomentoloja.com\/?p=1105","title":{"rendered":"LOJA, 472 a\u00f1os de fundaci\u00f3n."},"content":{"rendered":"\n<p><a href=\"https:\/\/www.facebook.com\/hashtag\/loja?__eep__=6&amp;__cft__[0]=AZVJpJpt5YKaXW5n2i2-8FYz5P2WlP9ZvDY3gl1_ekqM3H6RWXa1AxMUeA0u9QYUQH339Or2h9OH7AZe6q6NQK3Xfbwp2XRK6eF64VPBEhFWaHnvWd1bF5hZHZw7S_fAh8UYJ0fZ2HzqYHTmho7z9LCQlLQURvaFpczR8C4opISquTGcKe0czQ0l_grMbC0KZmU&amp;__tn__=*NK-R\">#Loja<\/a> | 472 a\u00f1os de Fundaci\u00f3n de Loja.<\/p>\n\n\n\n<p>Un 8 de diciembre de 1548, el capit\u00e1n Alonso de Mercadillo en el Valle de Cuxibamba, con el nombre La Inmaculada Concepci\u00f3n de Loja, como es la tradici\u00f3n con el nombre de la ciudad donde proviene el conquistador.<\/p>\n\n\n\n<p>Cuxibamba, significa llanura alegre o risue\u00f1a, situada entre dos r\u00edos peque\u00f1os, hoy el Malacatos y El Zamora al pie de la cordillera.<\/p>\n\n\n\n<p>Ante la historia y el futuro, celebramos un a\u00f1os m\u00e1s de Fundaci\u00f3n, con una Loja llena de guerreros incansables desde cada una de sus trincheras, enorgulleciendo el lojanismo y el privilegio de ser hijo de la tierra m\u00e1s bella de la tierra. \u00a1Viva Loja!<\/p>\n\n\n\n<p>DATOS<\/p>\n\n\n\n<p><img loading=\"lazy\" decoding=\"async\" height=\"16\" width=\"16\" alt=\"\ud83e\uddd0\" src=\"https:\/\/static.xx.fbcdn.net\/images\/emoji.php\/v9\/t36\/1.5\/16\/1f9d0.png\"> Loja fue fundada por primera vez en 1546 en el Valle de Garrochamba que hoy se lo conoce como Catamayo.<\/p>\n\n\n\n<p><img loading=\"lazy\" decoding=\"async\" height=\"16\" width=\"16\" alt=\"\ud83e\uddd0\" src=\"https:\/\/static.xx.fbcdn.net\/images\/emoji.php\/v9\/t36\/1.5\/16\/1f9d0.png\">La segunda fundaci\u00f3n fue el 8 de diciembre de 1548 por el capit\u00e1n Alonso de Mercadillo en el Valle de Cuxibamba.<\/p>\n\n\n\n<p><\/p>\n","protected":false},"excerpt":{"rendered":"<p>#Loja | 472 a\u00f1os de Fundaci\u00f3n de Loja. Un 8 de diciembre de 1548, el&#8230;<\/p>\n","protected":false},"author":1,"featured_media":1107,"comment_status":"open","ping_status":"open","sticky":false,"template":"","format":"standard","meta":{"footnotes":""},"categories":[1],"tags":[],"class_list":["post-1105","post","type-post","status-publish","format-standard","has-post-thumbnail","hentry","category-inicio"],"_links":{"self":[{"href":"https:\/\/www.lodelmomentoloja.com\/index.php?rest_route=\/wp\/v2\/posts\/1105"}],"collection":[{"href":"https:\/\/www.lodelmomentoloja.com\/index.php?rest_route=\/wp\/v2\/posts"}],"about":[{"href":"https:\/\/www.lodelmomentoloja.com\/index.php?rest_route=\/wp\/v2\/types\/post"}],"author":[{"embeddable":true,"href":"https:\/\/www.lodelmomentoloja.com\/index.php?rest_route=\/wp\/v2\/users\/1"}],"replies":[{"embeddable":true,"href":"https:\/\/www.lodelmomentoloja.com\/index.php?rest_route=%2Fwp%2Fv2%2Fcomments&post=1105"}],"version-history":[{"count":1,"href":"https:\/\/www.lodelmomentoloja.com\/index.php?rest_route=\/wp\/v2\/posts\/1105\/revisions"}],"predecessor-version":[{"id":1109,"href":"https:\/\/www.lodelmomentoloja.com\/index.php?rest_route=\/wp\/v2\/posts\/1105\/revisions\/1109"}],"wp:featuredmedia":[{"embeddable":true,"href":"https:\/\/www.lodelmomentoloja.com\/index.php?rest_route=\/wp\/v2\/media\/1107"}],"wp:attachment":[{"href":"https:\/\/www.lodelmomentoloja.com\/index.php?rest_route=%2Fwp%2Fv2%2Fmedia&parent=1105"}],"wp:term":[{"taxonomy":"category","embeddable":true,"href":"https:\/\/www.lodelmomentoloja.com\/index.php?rest_route=%2Fwp%2Fv2%2Fcategories&post=1105"},{"taxonomy":"post_tag","embeddable":true,"href":"https:\/\/www.lodelmomentoloja.com\/index.php?rest_route=%2Fwp%2Fv2%2Ftags&post=1105"}],"curies":[{"name":"wp","href":"https:\/\/api.w.org\/{rel}","templated":true}]}}