{"id":11019,"date":"2022-08-31T14:18:58","date_gmt":"2022-08-31T14:18:58","guid":{"rendered":"https:\/\/www.lodelmomentoloja.com\/?p=11019"},"modified":"2022-08-31T19:20:29","modified_gmt":"2022-08-31T19:20:29","slug":"secuestran-a-una-persona-en-cdla-donde-vive-lasso","status":"publish","type":"post","link":"https:\/\/www.lodelmomentoloja.com\/?p=11019","title":{"rendered":"Secuestran a una persona en cdla. donde vive Lasso"},"content":{"rendered":"<p>#Ecuador | La alcaldesa de Guayaquil, Cynthia Viteri, ha revelado la ma\u00f1ana de este mi\u00e9rcoles 31 el secuestro de una persona ocurrido en la urbanizaci\u00f3n en la que tiene su domicilio el presidente Guillermo Lasso.<\/p>\n<p>Viteri habl\u00f3 de esta situaci\u00f3n durante un enlace radial en el que se abordaba la situaci\u00f3n de la inseguridad de la ciudad y el trabajo que han acordado con el Gobierno.<\/p>\n<p>La funcionaria indic\u00f3 que en el secuestro de esa persona en la urbanizaci\u00f3n del mandatario, los presuntos delincuentes estaban vestidos como polic\u00edas, como si se tratase de un operativo.<\/p>\n<p>\u201cA la persona que la han secuestrado le hicieron un operativo vestidos de polic\u00edas nacionales, con dos patrullas nacionales, con motos de la Polic\u00eda, conos para hacer requisas, lo hicieron parar, arrinconar y apenas baja le dicen: \u2018esto es un secuestro\u2019&#8230;\u201d, cont\u00f3.<\/p>\n<p>www.lodelmomentoloja.com<br \/>\n#LDMnoticias #lodelmomentolojaLDM<\/p>\n","protected":false},"excerpt":{"rendered":"<p>#Ecuador | La alcaldesa de Guayaquil, Cynthia Viteri, ha revelado la ma\u00f1ana de este mi\u00e9rcoles&#8230;<\/p>\n","protected":false},"author":1,"featured_media":11020,"comment_status":"open","ping_status":"open","sticky":false,"template":"","format":"standard","meta":{"footnotes":""},"categories":[7,1],"tags":[],"class_list":["post-11019","post","type-post","status-publish","format-standard","has-post-thumbnail","hentry","category-ecuador","category-inicio"],"_links":{"self":[{"href":"https:\/\/www.lodelmomentoloja.com\/index.php?rest_route=\/wp\/v2\/posts\/11019"}],"collection":[{"href":"https:\/\/www.lodelmomentoloja.com\/index.php?rest_route=\/wp\/v2\/posts"}],"about":[{"href":"https:\/\/www.lodelmomentoloja.com\/index.php?rest_route=\/wp\/v2\/types\/post"}],"author":[{"embeddable":true,"href":"https:\/\/www.lodelmomentoloja.com\/index.php?rest_route=\/wp\/v2\/users\/1"}],"replies":[{"embeddable":true,"href":"https:\/\/www.lodelmomentoloja.com\/index.php?rest_route=%2Fwp%2Fv2%2Fcomments&post=11019"}],"version-history":[{"count":1,"href":"https:\/\/www.lodelmomentoloja.com\/index.php?rest_route=\/wp\/v2\/posts\/11019\/revisions"}],"predecessor-version":[{"id":11021,"href":"https:\/\/www.lodelmomentoloja.com\/index.php?rest_route=\/wp\/v2\/posts\/11019\/revisions\/11021"}],"wp:featuredmedia":[{"embeddable":true,"href":"https:\/\/www.lodelmomentoloja.com\/index.php?rest_route=\/wp\/v2\/media\/11020"}],"wp:attachment":[{"href":"https:\/\/www.lodelmomentoloja.com\/index.php?rest_route=%2Fwp%2Fv2%2Fmedia&parent=11019"}],"wp:term":[{"taxonomy":"category","embeddable":true,"href":"https:\/\/www.lodelmomentoloja.com\/index.php?rest_route=%2Fwp%2Fv2%2Fcategories&post=11019"},{"taxonomy":"post_tag","embeddable":true,"href":"https:\/\/www.lodelmomentoloja.com\/index.php?rest_route=%2Fwp%2Fv2%2Ftags&post=11019"}],"curies":[{"name":"wp","href":"https:\/\/api.w.org\/{rel}","templated":true}]}}