{"id":10998,"date":"2022-08-30T13:01:06","date_gmt":"2022-08-30T13:01:06","guid":{"rendered":"https:\/\/www.lodelmomentoloja.com\/?p=10998"},"modified":"2022-08-30T20:01:49","modified_gmt":"2022-08-30T20:01:49","slug":"ediles-de-loja-buscan-seguir-en-el-poder","status":"publish","type":"post","link":"https:\/\/www.lodelmomentoloja.com\/?p=10998","title":{"rendered":"Ediles de Loja buscan seguir en el poder"},"content":{"rendered":"<p>Ha transcurrido casi un periodo administrativo (4 a\u00f1os) desde que se consolidaron las autoridades electas de las elecciones seccionales 2019, bajo este contexto, los integrantes del cabildo del cant\u00f3n Loja no han vacilado en postular nuevamente en las venideras elecciones del 2022 y en su mayor\u00eda, ir\u00e1n por otros movimientos pol\u00edticos completamente diferentes a su anterior elecci\u00f3n.<\/p>\n<p>Del actual cabildo conformado por Pablo Burneo, Daniel Delgado, Santiago Err\u00e1ez, Adalber Gaona, Karina Gonz\u00e1lez, Dario Loja, Patricio Lozano, Ramiro Palacios, Ligia Rodr\u00edguez, Jaime Cuenca (Alterno de Patricia Picoita) y Patricia Picoita (Alcaldesa tras morir Jorge Bail\u00f3n) ya han decidido postular para la reelecci\u00f3n y otros a nuevas dignidades, es decir, 7 de 11 ediles ya han confirmado su decisi\u00f3n.<\/p>\n<h3>\u00bfQui\u00e9nes son los 7\/11 ediles que buscan seguir en el poder?<\/h3>\n<p><strong>Pablo Burneo:<\/strong> Lleg\u00f3 a la concejal\u00eda con la Alianza &#8220;\u00danete al cambio&#8221; <em>(conformada por Unidos Ecuador, Avanza, Izquierda Democr\u00e1tica, Pachacutik y Pueblo Cambio y Desarrollo)<\/em> en su primera participaci\u00f3n, pese a ser un frontal retractor del exalcalde Jorge Bail\u00f3n en sus inicios, eso cambi\u00f3 conforme pasaba el tiempo y ahora, <strong>intenta ir a la reelecci\u00f3n por el Partido Socialista<\/strong> encabezado por el precandidato Freddy Altamirano.<\/p>\n<p><strong>\u00a0Santiago Err\u00e1ez:<\/strong> Lleg\u00f3 a la concejal\u00eda por la Alianza Loja Progresa (conformada por CREO, Convocatoria, Fuerza Ecuador, Juntos Podemos, Uni\u00f3n Ecuatoriana y Adelante Ecuatoriano Adelante) en su primera participaci\u00f3n; esta vez, cambia de l\u00ednea pol\u00edtica y<strong> terciar\u00e1 por la reelecci\u00f3n con Renovaci\u00f3n Total (RETO 33)<\/strong>, partido donde tambi\u00e9n participar\u00e1n dos ediles m\u00e1s a los que Err\u00e1ez ha sido cercano en su actividad pol\u00edtica de este periodo.<\/p>\n<p><strong>\u00a0Adalber Gaona:<\/strong> Lleg\u00f3 a la concejal\u00eda por la Alianza Loja Progresa (conformada por CREO, Convocatoria, Fuerza Ecuador, Juntos Podemos, Uni\u00f3n Ecuatoriana y Adelante Ecuatoriano Adelante); esta vez, cambia de l\u00ednea pol\u00edtica se ir\u00e1 por la<strong> reelecci\u00f3n con el movimiento APLA<\/strong>, partido donde tambi\u00e9n participar\u00e1 su compa\u00f1ero de cabildo Nixon Granda.<\/p>\n<p><strong>Dar\u00edo Loja:<\/strong> Es la segunda vez que llega a la concejal\u00eda de Loja, la primera fue en el periodo 2009-2014 y la \u00faltima partido pol\u00edtico Democracia S\u00cd para el periodo 2019-2022; hoy en d\u00eda, <strong>renunciar\u00e1 a su cargo para postular a la Prefectura de Loja<\/strong> por el movimiento Renovaci\u00f3n Total (RETO 33).<\/p>\n<p>Karina Gonz\u00e1lez: Lleg\u00f3 a la concejal\u00eda por la Alianza Loja Para Todos<em> (confirmada por Movimiento Centro Democr\u00e1tico, Partido Socialista Ecuatoriano y Movimiento Justicia Social)<\/em> en su primera participaci\u00f3n; ahora, <strong>renunciar\u00e1 a la concejal\u00eda para ir de candidata a la Viceprefectura por el movimiento Renovaci\u00f3n Total (RETO 33)<\/strong>, acompa\u00f1ando a su colega del actual cabildo Dar\u00edo Loja.<\/p>\n<p><strong>Nixon Granda:<\/strong> Lleg\u00f3 a la concejal\u00eda por la Alianza Loja Para Todos <em>(conformada por Movimiento Centro Democr\u00e1tico, Partido Socialista Ecuatoriano y Movimiento Justicia Social)<\/em>, en su trayecto pol\u00edtico, fue asamble\u00edsta alterno por Alianza Pa\u00eds, particip\u00f3 por dos ocasiones a la concejal\u00eda y ahora, <strong>renunciar\u00e1 a su cargo de concejal para ir a la Alcald\u00eda de Loja<\/strong> por el Movimiento APLA y SUMA.<\/p>\n<p>Ligia Rodr\u00edguez: Lleg\u00f3 a la concejal\u00eda por la Alianza Loja Para Todos <em>(conformada por Movimiento Centro Democr\u00e1tico, Partido Socialista Ecuatoriano y Movimiento Justicia Social), <\/em>tambi\u00e9n ha decidido ir a una nueva dignidad, por lo que renunciar\u00e1 a la concejal\u00eda para ir\u00a0 como candidata a la Alcald\u00eda de Loja auspiciada por la Lista 4 Pueblo Igualdad y Democracia.<\/p>\n<p>\u00bfCre\u00e9 que llegar\u00e1n nuevamente al poder?<\/p>\n<p><strong><em>S\u00edguenos #LDMnoticias #lodelmomentolojaLDM.<\/em><\/strong><\/p>\n","protected":false},"excerpt":{"rendered":"<p>Ha transcurrido casi un periodo administrativo (4 a\u00f1os) desde que se consolidaron las autoridades electas&#8230;<\/p>\n","protected":false},"author":1,"featured_media":11004,"comment_status":"open","ping_status":"open","sticky":false,"template":"","format":"standard","meta":{"footnotes":""},"categories":[1,5],"tags":[],"class_list":["post-10998","post","type-post","status-publish","format-standard","has-post-thumbnail","hentry","category-inicio","category-loja"],"_links":{"self":[{"href":"https:\/\/www.lodelmomentoloja.com\/index.php?rest_route=\/wp\/v2\/posts\/10998"}],"collection":[{"href":"https:\/\/www.lodelmomentoloja.com\/index.php?rest_route=\/wp\/v2\/posts"}],"about":[{"href":"https:\/\/www.lodelmomentoloja.com\/index.php?rest_route=\/wp\/v2\/types\/post"}],"author":[{"embeddable":true,"href":"https:\/\/www.lodelmomentoloja.com\/index.php?rest_route=\/wp\/v2\/users\/1"}],"replies":[{"embeddable":true,"href":"https:\/\/www.lodelmomentoloja.com\/index.php?rest_route=%2Fwp%2Fv2%2Fcomments&post=10998"}],"version-history":[{"count":4,"href":"https:\/\/www.lodelmomentoloja.com\/index.php?rest_route=\/wp\/v2\/posts\/10998\/revisions"}],"predecessor-version":[{"id":11007,"href":"https:\/\/www.lodelmomentoloja.com\/index.php?rest_route=\/wp\/v2\/posts\/10998\/revisions\/11007"}],"wp:featuredmedia":[{"embeddable":true,"href":"https:\/\/www.lodelmomentoloja.com\/index.php?rest_route=\/wp\/v2\/media\/11004"}],"wp:attachment":[{"href":"https:\/\/www.lodelmomentoloja.com\/index.php?rest_route=%2Fwp%2Fv2%2Fmedia&parent=10998"}],"wp:term":[{"taxonomy":"category","embeddable":true,"href":"https:\/\/www.lodelmomentoloja.com\/index.php?rest_route=%2Fwp%2Fv2%2Fcategories&post=10998"},{"taxonomy":"post_tag","embeddable":true,"href":"https:\/\/www.lodelmomentoloja.com\/index.php?rest_route=%2Fwp%2Fv2%2Ftags&post=10998"}],"curies":[{"name":"wp","href":"https:\/\/api.w.org\/{rel}","templated":true}]}}