{"id":10992,"date":"2022-08-30T10:30:56","date_gmt":"2022-08-30T10:30:56","guid":{"rendered":"https:\/\/www.lodelmomentoloja.com\/?p=10992"},"modified":"2022-08-30T16:17:40","modified_gmt":"2022-08-30T16:17:40","slug":"sentenciado-a-22-anos-por-violar-a-su-hijastra","status":"publish","type":"post","link":"https:\/\/www.lodelmomentoloja.com\/?p=10992","title":{"rendered":"Sentenciado a 22 a\u00f1os por violar a su hijastra"},"content":{"rendered":"<p><strong>Arenillas (El Oro), 30 de agosto de 2022.-<\/strong>\u00a0A veintid\u00f3s a\u00f1os de pena privativa de libertad fue sentenciado Ra\u00fal C., como autor directo de la violaci\u00f3n de su hijastra de 11 a\u00f1os.<\/p>\n<p>Esta fue la decisi\u00f3n que dio a conocer un Tribunal de Garant\u00edas Penales, luego de valorar las pruebas expuestas por Fiscal\u00eda en la audiencia de juzgamiento.<\/p>\n<p>La v\u00edctima viv\u00eda con su madre y su padrastro en un domicilio ubicado en el cant\u00f3n Arenillas. El hecho ocurri\u00f3 en junio de 2021, en el segundo piso de la vivienda. El agresor aprovech\u00f3 que la madre de la ni\u00f1a se encontraba lavando la ropa para cometer el delito.<\/p>\n<p>Mientras Ra\u00fal C. comet\u00eda el delito, su conviviente ingres\u00f3 al cuarto con su hijo: ambos se quedaron perplejos al observar el hecho y procedieron a reclamarle. El agresor huy\u00f3; sin embargo, la Polic\u00eda fue alertada de inmediato, por lo que el procesado fue detenido cerca del lugar.<\/p>\n<p>Fiscal\u00eda present\u00f3 como pruebas: el testimonio anticipado de la v\u00edctima, quien narr\u00f3 lo ocurrido, y el testimonio de su madre. Adem\u00e1s, expuso los informes psicol\u00f3gico y de trabajo social, y el examen m\u00e9dico.<\/p>\n<p><strong>Informaci\u00f3n jur\u00eddica<\/strong><\/p>\n<p>Fiscal\u00eda demostr\u00f3 la participaci\u00f3n del procesado en el delito de violaci\u00f3n, tipificado en el art\u00edculo 171, inciso 1, numeral 3 \u2013e inciso 2, numeral 4\u2013 del C\u00f3digo Org\u00e1nico Integral Penal (COIP).<\/p>\n<p>&nbsp;<\/p>\n<p><strong><em>S\u00edguenos #LDMnoticias #lodelmomentolojaLDM<\/em><\/strong><\/p>\n","protected":false},"excerpt":{"rendered":"<p>Arenillas (El Oro), 30 de agosto de 2022.-\u00a0A veintid\u00f3s a\u00f1os de pena privativa de libertad&#8230;<\/p>\n","protected":false},"author":1,"featured_media":10994,"comment_status":"open","ping_status":"open","sticky":false,"template":"","format":"standard","meta":{"footnotes":""},"categories":[7,1],"tags":[],"class_list":["post-10992","post","type-post","status-publish","format-standard","has-post-thumbnail","hentry","category-ecuador","category-inicio"],"_links":{"self":[{"href":"https:\/\/www.lodelmomentoloja.com\/index.php?rest_route=\/wp\/v2\/posts\/10992"}],"collection":[{"href":"https:\/\/www.lodelmomentoloja.com\/index.php?rest_route=\/wp\/v2\/posts"}],"about":[{"href":"https:\/\/www.lodelmomentoloja.com\/index.php?rest_route=\/wp\/v2\/types\/post"}],"author":[{"embeddable":true,"href":"https:\/\/www.lodelmomentoloja.com\/index.php?rest_route=\/wp\/v2\/users\/1"}],"replies":[{"embeddable":true,"href":"https:\/\/www.lodelmomentoloja.com\/index.php?rest_route=%2Fwp%2Fv2%2Fcomments&post=10992"}],"version-history":[{"count":1,"href":"https:\/\/www.lodelmomentoloja.com\/index.php?rest_route=\/wp\/v2\/posts\/10992\/revisions"}],"predecessor-version":[{"id":10993,"href":"https:\/\/www.lodelmomentoloja.com\/index.php?rest_route=\/wp\/v2\/posts\/10992\/revisions\/10993"}],"wp:featuredmedia":[{"embeddable":true,"href":"https:\/\/www.lodelmomentoloja.com\/index.php?rest_route=\/wp\/v2\/media\/10994"}],"wp:attachment":[{"href":"https:\/\/www.lodelmomentoloja.com\/index.php?rest_route=%2Fwp%2Fv2%2Fmedia&parent=10992"}],"wp:term":[{"taxonomy":"category","embeddable":true,"href":"https:\/\/www.lodelmomentoloja.com\/index.php?rest_route=%2Fwp%2Fv2%2Fcategories&post=10992"},{"taxonomy":"post_tag","embeddable":true,"href":"https:\/\/www.lodelmomentoloja.com\/index.php?rest_route=%2Fwp%2Fv2%2Ftags&post=10992"}],"curies":[{"name":"wp","href":"https:\/\/api.w.org\/{rel}","templated":true}]}}