{"id":10988,"date":"2022-08-30T09:30:00","date_gmt":"2022-08-30T09:30:00","guid":{"rendered":"https:\/\/www.lodelmomentoloja.com\/?p=10988"},"modified":"2022-08-30T16:01:38","modified_gmt":"2022-08-30T16:01:38","slug":"juicio-por-presunto-peculado-en-la-compra-de-insumos-para-el-hospital-teodoro-maldonado-carbo","status":"publish","type":"post","link":"https:\/\/www.lodelmomentoloja.com\/?p=10988","title":{"rendered":"Juicio por presunto peculado en la compra de insumos para el hospital Teodoro Maldonado Carbo"},"content":{"rendered":"<p><strong>Guayaquil (Guayas), 29 de agosto de 2022.-<\/strong>\u00a0La Fiscal\u00eda del Guayas emiti\u00f3 dictamen acusatorio contra nueve procesados por su presunta participaci\u00f3n en el delito de peculado para la adquisici\u00f3n irregular de insumos m\u00e9dicos y pr\u00f3tesis para el \u00e1rea de Traumatolog\u00eda del Hospital Teodoro Maldonado Carbo, del Instituto Ecuatoriano de Seguridad Social (IESS), entre enero de 2014 y octubre de 2019.<\/p>\n<p>En la audiencia preparatoria de juicio, desarrollada en la Unidad Judicial Sur Valdivia, el fiscal de la Unidad de Administraci\u00f3n P\u00fablica, C\u00e9sar Su\u00e1rez Pilay, present\u00f3 como elementos de convicci\u00f3n: el informe con indicios de responsabilidad penal emitido por la Contralor\u00eda General del Estado, el informe contable que determinar\u00eda un perjuicio de 911.852 d\u00f3lares de un contrato de 1\u2019082.807 d\u00f3lares para la compra de insumos m\u00e9dicos y pr\u00f3tesis para el \u00e1rea de Traumatolog\u00eda en la casa de salud.<\/p>\n<p>Adem\u00e1s, las versiones de los auditores de Contralor\u00eda, las copias certificadas del contrato remitido por el IESS, la resoluci\u00f3n de adjudicaci\u00f3n para el proveedor, el acta de entrega-recepci\u00f3n de las pr\u00f3tesis, el comprobante \u00fanico de pago de la casa asistencial a favor del proveedor, certificaci\u00f3n del Servicio Nacional de Aduanas del Ecuador, el cual indica que el proveedor y la compa\u00f1\u00eda adjudicataria se dedicaban a la importaci\u00f3n de otra clase de productos; entre otros elementos.<\/p>\n<p>El juez de Garant\u00edas Penales, Patricio Vidal, acogi\u00f3 en parte el pedido de Fiscal\u00eda y llam\u00f3 a juicio a Julia M. P., Carlos V. F., C\u00e9sar V. B., Ang\u00e9lica R. J., Susana S. E., Andr\u00e9s L. H. y Juan M. A., a quienes les ratific\u00f3 las medidas de presentaci\u00f3n ante la autoridad judicial y su prohibici\u00f3n de salida del pa\u00eds; mientras que para Jorge E. A. (quien se encuentra pr\u00f3fugo), se mantiene la orden de prisi\u00f3n preventiva.<\/p>\n<p>A todos los procesados se les dispuso la prohibici\u00f3n de enajenar bienes.<\/p>\n<p>Contra Cristhian L. K., el Juez dict\u00f3 auto de sobreseimiento.<\/p>\n<p><img loading=\"lazy\" decoding=\"async\" class=\"alignnone wp-image-10989 size-full\" src=\"http:\/\/www.lodelmomentoloja.com\/wp-content\/uploads\/2022\/08\/sssfewqs.jpg\" alt=\"\" width=\"650\" height=\"400\" srcset=\"https:\/\/www.lodelmomentoloja.com\/wp-content\/uploads\/2022\/08\/sssfewqs.jpg 650w, https:\/\/www.lodelmomentoloja.com\/wp-content\/uploads\/2022\/08\/sssfewqs-300x185.jpg 300w, https:\/\/www.lodelmomentoloja.com\/wp-content\/uploads\/2022\/08\/sssfewqs-640x394.jpg 640w\" sizes=\"(max-width: 650px) 100vw, 650px\" \/><\/p>\n<p><strong>Contexto<\/strong><\/p>\n<p>Fiscal\u00eda inicio una investigaci\u00f3n a mediados de julio de 2021, tras haber recibido un Informe con Indicios de Responsabilidad Penal por parte de la Contralor\u00eda General del Estado, por un presunto perjuicio de cerca de 1\u2019082.807 d\u00f3lares en un contrato de adquisici\u00f3n de insumos y pr\u00f3tesis para la Unidad T\u00e9cnica de Traumatolog\u00eda del Hospital Teodoro Maldonado Carbo del IESS, en el periodo correspondiente de enero de 2014 a octubre de 2019.<\/p>\n<p>Los procesados, exfuncionarios del mencionado hospital y proveedores, fueron detenidos \u2013en su mayor\u00eda\u2013 tras los allanamientos ejecutados por Fiscal\u00eda y la Polic\u00eda Judicial, la madrugada del mi\u00e9rcoles 2 de junio de 2021 en Guayaquil, Daule y Nobol.<\/p>\n<p>Al d\u00eda siguiente, un juez de Flagrancia dict\u00f3 prisi\u00f3n preventiva contra tres de los procesados: Julia M. P., Carlos V. F. y Christian L. K., mientras que a C\u00e9sar V. B. y Ang\u00e9lica R. J. les dispuso la prohibici\u00f3n de salida del pa\u00eds y presentaci\u00f3n peri\u00f3dica ante Fiscal\u00eda. Finalmente, para Susana E. D. resolvi\u00f3 arresto domiciliario.<\/p>\n<p>Una Sala especializada de la Corte Provincial del Guayas acept\u00f3 el recurso de apelaci\u00f3n a la prisi\u00f3n interpuesto por Carlos V. F. y Cristhian L. K. y cambi\u00f3 la medida de prisi\u00f3n preventiva por la de presentaci\u00f3n peri\u00f3dica ante Fiscal\u00eda y la prohibici\u00f3n de salida del pa\u00eds.<\/p>\n<p>Posteriormente, el Juez que lleva la causa, procedi\u00f3 a cambiar la medida de prisi\u00f3n de Julia M. P., disponiendo las mismas medidas que a los otros dos procesados.<br \/>\nEl 26 de agosto de 2021 fueron vinculados al proceso los ciudadanos Jorge E. A., Andr\u00e9s L. H. y Juan M. A.<\/p>\n<p><strong>Informaci\u00f3n jur\u00eddica<\/strong><\/p>\n<p>Fiscal\u00eda proces\u00f3 este caso con base en el art\u00edculo 278 del C\u00f3digo Org\u00e1nico Integral Penal (COIP), que sanciona el delito de peculado con pena privativa de libertad de diez a trece a\u00f1os.<\/p>\n","protected":false},"excerpt":{"rendered":"<p>Guayaquil (Guayas), 29 de agosto de 2022.-\u00a0La Fiscal\u00eda del Guayas emiti\u00f3 dictamen acusatorio contra nueve&#8230;<\/p>\n","protected":false},"author":1,"featured_media":10991,"comment_status":"open","ping_status":"open","sticky":false,"template":"","format":"standard","meta":{"footnotes":""},"categories":[7,1],"tags":[],"class_list":["post-10988","post","type-post","status-publish","format-standard","has-post-thumbnail","hentry","category-ecuador","category-inicio"],"_links":{"self":[{"href":"https:\/\/www.lodelmomentoloja.com\/index.php?rest_route=\/wp\/v2\/posts\/10988"}],"collection":[{"href":"https:\/\/www.lodelmomentoloja.com\/index.php?rest_route=\/wp\/v2\/posts"}],"about":[{"href":"https:\/\/www.lodelmomentoloja.com\/index.php?rest_route=\/wp\/v2\/types\/post"}],"author":[{"embeddable":true,"href":"https:\/\/www.lodelmomentoloja.com\/index.php?rest_route=\/wp\/v2\/users\/1"}],"replies":[{"embeddable":true,"href":"https:\/\/www.lodelmomentoloja.com\/index.php?rest_route=%2Fwp%2Fv2%2Fcomments&post=10988"}],"version-history":[{"count":1,"href":"https:\/\/www.lodelmomentoloja.com\/index.php?rest_route=\/wp\/v2\/posts\/10988\/revisions"}],"predecessor-version":[{"id":10990,"href":"https:\/\/www.lodelmomentoloja.com\/index.php?rest_route=\/wp\/v2\/posts\/10988\/revisions\/10990"}],"wp:featuredmedia":[{"embeddable":true,"href":"https:\/\/www.lodelmomentoloja.com\/index.php?rest_route=\/wp\/v2\/media\/10991"}],"wp:attachment":[{"href":"https:\/\/www.lodelmomentoloja.com\/index.php?rest_route=%2Fwp%2Fv2%2Fmedia&parent=10988"}],"wp:term":[{"taxonomy":"category","embeddable":true,"href":"https:\/\/www.lodelmomentoloja.com\/index.php?rest_route=%2Fwp%2Fv2%2Fcategories&post=10988"},{"taxonomy":"post_tag","embeddable":true,"href":"https:\/\/www.lodelmomentoloja.com\/index.php?rest_route=%2Fwp%2Fv2%2Ftags&post=10988"}],"curies":[{"name":"wp","href":"https:\/\/api.w.org\/{rel}","templated":true}]}}