{"id":10963,"date":"2022-08-29T11:40:19","date_gmt":"2022-08-29T11:40:19","guid":{"rendered":"https:\/\/www.lodelmomentoloja.com\/?p=10963"},"modified":"2022-08-29T17:01:24","modified_gmt":"2022-08-29T17:01:24","slug":"asambleista-asiste-a-reunion-virtual-desde-la-cama","status":"publish","type":"post","link":"https:\/\/www.lodelmomentoloja.com\/?p=10963","title":{"rendered":"Asamble\u00edsta asiste a reuni\u00f3n virtual desde la cama"},"content":{"rendered":"<p>El d\u00eda de ayer, domingo 29 de agosto, mientras se llevaba la sesi\u00f3n para tratar de aprobar el juicio pol\u00edtico contra los vocales del Consejo de la Judicatura, Ricardo Vanegas Asamble\u00edsta Nacional por Pachakutik, fue captado desde su cama y bien abrigado mientras se daba el este proceso, acto que le hizo hacerse viral en redes sociales y hasta fuertemente criticado por diferentes usuarios de la web, recalcando que no son las formas de llevar la seriedad del caso.<\/p>\n<p>Uno abogado que sosten\u00eda que la forma como acude a la sesi\u00f3n el asamble\u00edsta Vanegas deber\u00eda ser sancionada, argumenta que el &#8220;reposo m\u00e9dico&#8221; est\u00e1 contemplado en el Art. 112 de la Ley Org\u00e1nica de la Funci\u00f3n Legislativa, misma que prev\u00e9 este tipo de casos.<\/p>\n<blockquote class=\"twitter-tweet\" data-width=\"550\" data-dnt=\"true\">\n<p lang=\"es\" dir=\"ltr\">Por cierto, para los que andan defendiendo a vanegas bajo el argumento de \u201creposo m\u00e9dico\u201d, les informo que el art. 112 de la Ley Org\u00e1nica de la Funci\u00f3n Legislativa prev\u00e9 para este tipo de casos (necesidad de ausencia temporal del asamble\u00edsta) la figura del suplente. <a href=\"https:\/\/t.co\/Uc5xwCCugm\">https:\/\/t.co\/Uc5xwCCugm<\/a><\/p>\n<p>&mdash; \u00c1lvaro R. Mej\u00eda Salazar (@armejiasalazar) <a href=\"https:\/\/twitter.com\/armejiasalazar\/status\/1564217722065534976?ref_src=twsrc%5Etfw\">August 29, 2022<\/a><\/p><\/blockquote>\n<p><script async src=\"https:\/\/platform.twitter.com\/widgets.js\" charset=\"utf-8\"><\/script><\/p>\n<p>Sin embargo, el legislador de Pachakutik, luego de haber sido fuertemente criticado en las redes sociales se pronunci\u00f3 desde su cuenta de twitter, explicando el motivo del porque recibi\u00f3 la sesi\u00f3n virtual de la Asamblea acostado desde su cama, argumentando que pese a su situaci\u00f3n de salud su compromiso con el pa\u00eds est\u00e1 primero.<\/p>\n<blockquote class=\"twitter-tweet\" data-width=\"550\" data-dnt=\"true\">\n<p lang=\"es\" dir=\"ltr\">Agradezco la rectificaci\u00f3n. Lamentablemente, desde ayer tengo colocado un monitor Hotler, debido a una irregularidad en mi actividad cardiaca; y mis doctores me pidieron reposo total. Pero mi compromiso con el \ud83c\uddea\ud83c\udde8 va primero. Y faltar a la sesi\u00f3n no era opci\u00f3n. \u00a1Toc\u00f3 desde la \ud83d\udecc! <a href=\"https:\/\/t.co\/N4XO1N22c8\">https:\/\/t.co\/N4XO1N22c8<\/a> <a href=\"https:\/\/t.co\/I9MbeLhi3y\">pic.twitter.com\/I9MbeLhi3y<\/a><\/p>\n<p>&mdash; Ricardo Vanegas (@Ricardo_Vanegas) <a href=\"https:\/\/twitter.com\/Ricardo_Vanegas\/status\/1564050559757434882?ref_src=twsrc%5Etfw\">August 29, 2022<\/a><\/p><\/blockquote>\n<p><script async src=\"https:\/\/platform.twitter.com\/widgets.js\" charset=\"utf-8\"><\/script><\/p>\n<p><em><strong>S\u00edguenos #LDMnoticias \u00f3 #lodelmomentolojaLDM<\/strong><\/em><\/p>\n","protected":false},"excerpt":{"rendered":"<p>El d\u00eda de ayer, domingo 29 de agosto, mientras se llevaba la sesi\u00f3n para tratar&#8230;<\/p>\n","protected":false},"author":1,"featured_media":10967,"comment_status":"open","ping_status":"open","sticky":false,"template":"","format":"standard","meta":{"footnotes":""},"categories":[7,1],"tags":[],"class_list":["post-10963","post","type-post","status-publish","format-standard","has-post-thumbnail","hentry","category-ecuador","category-inicio"],"_links":{"self":[{"href":"https:\/\/www.lodelmomentoloja.com\/index.php?rest_route=\/wp\/v2\/posts\/10963"}],"collection":[{"href":"https:\/\/www.lodelmomentoloja.com\/index.php?rest_route=\/wp\/v2\/posts"}],"about":[{"href":"https:\/\/www.lodelmomentoloja.com\/index.php?rest_route=\/wp\/v2\/types\/post"}],"author":[{"embeddable":true,"href":"https:\/\/www.lodelmomentoloja.com\/index.php?rest_route=\/wp\/v2\/users\/1"}],"replies":[{"embeddable":true,"href":"https:\/\/www.lodelmomentoloja.com\/index.php?rest_route=%2Fwp%2Fv2%2Fcomments&post=10963"}],"version-history":[{"count":1,"href":"https:\/\/www.lodelmomentoloja.com\/index.php?rest_route=\/wp\/v2\/posts\/10963\/revisions"}],"predecessor-version":[{"id":10968,"href":"https:\/\/www.lodelmomentoloja.com\/index.php?rest_route=\/wp\/v2\/posts\/10963\/revisions\/10968"}],"wp:featuredmedia":[{"embeddable":true,"href":"https:\/\/www.lodelmomentoloja.com\/index.php?rest_route=\/wp\/v2\/media\/10967"}],"wp:attachment":[{"href":"https:\/\/www.lodelmomentoloja.com\/index.php?rest_route=%2Fwp%2Fv2%2Fmedia&parent=10963"}],"wp:term":[{"taxonomy":"category","embeddable":true,"href":"https:\/\/www.lodelmomentoloja.com\/index.php?rest_route=%2Fwp%2Fv2%2Fcategories&post=10963"},{"taxonomy":"post_tag","embeddable":true,"href":"https:\/\/www.lodelmomentoloja.com\/index.php?rest_route=%2Fwp%2Fv2%2Ftags&post=10963"}],"curies":[{"name":"wp","href":"https:\/\/api.w.org\/{rel}","templated":true}]}}