{"id":1096,"date":"2020-12-07T16:32:36","date_gmt":"2020-12-07T16:32:36","guid":{"rendered":"http:\/\/www.lodelmomentoloja.com\/?p=1096"},"modified":"2020-12-07T21:34:15","modified_gmt":"2020-12-07T21:34:15","slug":"despues-de-800-anos-sera-visible-la-estrella-de-belen","status":"publish","type":"post","link":"https:\/\/www.lodelmomentoloja.com\/?p=1096","title":{"rendered":"Despu\u00e9s de 800 a\u00f1os, ser\u00e1 visible &#8220;La estrella de Bel\u00e9n&#8221;."},"content":{"rendered":"\n<p>#Internacional | Despu\u00e9s de 800 a\u00f1os \u201cLa Estrella de Bel\u00e9n\u201d volver\u00e1 a iluminar el cielo.<\/p>\n\n\n\n<p><br>El pr\u00f3ximo lunes 21 de diciembre ser\u00e1 el d\u00eda en que los humanos se volver\u00e1n a deleitar con la \u201cEstrella de Navidad\u201d o \u201cEstrella de Bel\u00e9n\u201d como se conoce.<br><\/p>\n\n\n\n<p>El fen\u00f3meno se producir\u00e1 en el pr\u00f3ximo solsticio de invierno cuando los planetas J\u00fapiter y Saturno se alineen para crear la \u201cEstrella de Bel\u00e9n\u201d. A estos dos planetas no se les hab\u00eda podido observar tan, relativamente, cerca de la Tierra desde la edad media que abarca desde los siglos V y XV.<br><\/p>\n","protected":false},"excerpt":{"rendered":"<p>#Internacional | Despu\u00e9s de 800 a\u00f1os \u201cLa Estrella de Bel\u00e9n\u201d volver\u00e1 a iluminar el cielo&#8230;.<\/p>\n","protected":false},"author":1,"featured_media":1097,"comment_status":"open","ping_status":"open","sticky":false,"template":"","format":"standard","meta":{"footnotes":""},"categories":[1],"tags":[],"class_list":["post-1096","post","type-post","status-publish","format-standard","has-post-thumbnail","hentry","category-inicio"],"_links":{"self":[{"href":"https:\/\/www.lodelmomentoloja.com\/index.php?rest_route=\/wp\/v2\/posts\/1096"}],"collection":[{"href":"https:\/\/www.lodelmomentoloja.com\/index.php?rest_route=\/wp\/v2\/posts"}],"about":[{"href":"https:\/\/www.lodelmomentoloja.com\/index.php?rest_route=\/wp\/v2\/types\/post"}],"author":[{"embeddable":true,"href":"https:\/\/www.lodelmomentoloja.com\/index.php?rest_route=\/wp\/v2\/users\/1"}],"replies":[{"embeddable":true,"href":"https:\/\/www.lodelmomentoloja.com\/index.php?rest_route=%2Fwp%2Fv2%2Fcomments&post=1096"}],"version-history":[{"count":1,"href":"https:\/\/www.lodelmomentoloja.com\/index.php?rest_route=\/wp\/v2\/posts\/1096\/revisions"}],"predecessor-version":[{"id":1098,"href":"https:\/\/www.lodelmomentoloja.com\/index.php?rest_route=\/wp\/v2\/posts\/1096\/revisions\/1098"}],"wp:featuredmedia":[{"embeddable":true,"href":"https:\/\/www.lodelmomentoloja.com\/index.php?rest_route=\/wp\/v2\/media\/1097"}],"wp:attachment":[{"href":"https:\/\/www.lodelmomentoloja.com\/index.php?rest_route=%2Fwp%2Fv2%2Fmedia&parent=1096"}],"wp:term":[{"taxonomy":"category","embeddable":true,"href":"https:\/\/www.lodelmomentoloja.com\/index.php?rest_route=%2Fwp%2Fv2%2Fcategories&post=1096"},{"taxonomy":"post_tag","embeddable":true,"href":"https:\/\/www.lodelmomentoloja.com\/index.php?rest_route=%2Fwp%2Fv2%2Ftags&post=1096"}],"curies":[{"name":"wp","href":"https:\/\/api.w.org\/{rel}","templated":true}]}}