{"id":10940,"date":"2022-08-26T15:08:32","date_gmt":"2022-08-26T15:08:32","guid":{"rendered":"https:\/\/www.lodelmomentoloja.com\/?p=10940"},"modified":"2022-08-26T20:09:32","modified_gmt":"2022-08-26T20:09:32","slug":"censo-penitenciario-costara-250-000-dolares","status":"publish","type":"post","link":"https:\/\/www.lodelmomentoloja.com\/?p=10940","title":{"rendered":"Censo penitenciario costar\u00e1 250.000 d\u00f3lares"},"content":{"rendered":"<p>Censo penitenciario costar\u00e1 USD 250.000, seg\u00fan Derechos Humanos<\/p>\n<p>M\u00e1s de dos meses durar\u00e1 el censo penitenciario que se desarrollara en todos los centros de privaci\u00f3n de la libertad del pa\u00eds, varias entidades trabajan mancomunadamente para recolectar la informaci\u00f3n de los ppls.<\/p>\n<p>El primer censo penitenciario de la historia del pa\u00eds ya dio inici\u00f3 el 22 de agosto de 2022 en las c\u00e1rceles de Carchi y Loja, los encuestadores visitar\u00e1n los 36 centros de privaci\u00f3n de la libertad de Ecuador hasta el 7 noviembre, este finalizar\u00e1 el proceso en Guayaquil.<\/p>\n<p>Paola Flores Jaramillo, secretaria de Derechos Humanos y encargada de la ejecuci\u00f3n del censo, mencion\u00f3 que este cuestionario es el que usa el INEC, con nombres, edad, lugar de nacimiento, si adolece de alguna enfermedad catastr\u00f3fica, si tiene hijos menores de edad, si pertenece a la poblaci\u00f3n GLBTI y su nivel de educaci\u00f3n.<\/p>\n<p>Todos estos factores ser\u00edan necesarios para ir acondicionando una verdadera pol\u00edtica p\u00fablica, es decir, una verdadera rehabilitaci\u00f3n social, ya que con ello se ayudar\u00e1 a darles una mejor calidad de vida a los privados de la libertad y trabajar con ellos en una recuperaci\u00f3n individual y de su entorno.<\/p>\n<p>Adem\u00e1s, Flores comento que el presupuesto sali\u00f3 de la Secretar\u00eda de Derechos Humanos y costar\u00e1 USD 250.000, aseguro que la inversi\u00f3n no es mucha frente a los resultados positivos que esperan obtener con este censo penitenciario.<br \/>\nEl principal objetivo ser\u00e1 conocer cu\u00e1ntas personas privadas de libertad existen, y as\u00ed poder bajar el hacinamiento en las c\u00e1rceles, que desde 2021 era del 26%, ahora ser\u00eda un 8%. Este censo no es solo ser\u00eda un trabajo de la Secretar\u00eda de Derechos Humanos, sino de todas las carteras de Estado para que se d\u00e9 un fiel cumplimiento y sobre todo se garanticen los derechos de las personas privadas de libertad.<\/p>\n","protected":false},"excerpt":{"rendered":"<p>Censo penitenciario costar\u00e1 USD 250.000, seg\u00fan Derechos Humanos M\u00e1s de dos meses durar\u00e1 el censo&#8230;<\/p>\n","protected":false},"author":1,"featured_media":10941,"comment_status":"open","ping_status":"open","sticky":false,"template":"","format":"standard","meta":{"footnotes":""},"categories":[7,1],"tags":[],"class_list":["post-10940","post","type-post","status-publish","format-standard","has-post-thumbnail","hentry","category-ecuador","category-inicio"],"_links":{"self":[{"href":"https:\/\/www.lodelmomentoloja.com\/index.php?rest_route=\/wp\/v2\/posts\/10940"}],"collection":[{"href":"https:\/\/www.lodelmomentoloja.com\/index.php?rest_route=\/wp\/v2\/posts"}],"about":[{"href":"https:\/\/www.lodelmomentoloja.com\/index.php?rest_route=\/wp\/v2\/types\/post"}],"author":[{"embeddable":true,"href":"https:\/\/www.lodelmomentoloja.com\/index.php?rest_route=\/wp\/v2\/users\/1"}],"replies":[{"embeddable":true,"href":"https:\/\/www.lodelmomentoloja.com\/index.php?rest_route=%2Fwp%2Fv2%2Fcomments&post=10940"}],"version-history":[{"count":1,"href":"https:\/\/www.lodelmomentoloja.com\/index.php?rest_route=\/wp\/v2\/posts\/10940\/revisions"}],"predecessor-version":[{"id":10942,"href":"https:\/\/www.lodelmomentoloja.com\/index.php?rest_route=\/wp\/v2\/posts\/10940\/revisions\/10942"}],"wp:featuredmedia":[{"embeddable":true,"href":"https:\/\/www.lodelmomentoloja.com\/index.php?rest_route=\/wp\/v2\/media\/10941"}],"wp:attachment":[{"href":"https:\/\/www.lodelmomentoloja.com\/index.php?rest_route=%2Fwp%2Fv2%2Fmedia&parent=10940"}],"wp:term":[{"taxonomy":"category","embeddable":true,"href":"https:\/\/www.lodelmomentoloja.com\/index.php?rest_route=%2Fwp%2Fv2%2Fcategories&post=10940"},{"taxonomy":"post_tag","embeddable":true,"href":"https:\/\/www.lodelmomentoloja.com\/index.php?rest_route=%2Fwp%2Fv2%2Ftags&post=10940"}],"curies":[{"name":"wp","href":"https:\/\/api.w.org\/{rel}","templated":true}]}}