{"id":10933,"date":"2022-08-26T12:09:24","date_gmt":"2022-08-26T12:09:24","guid":{"rendered":"https:\/\/www.lodelmomentoloja.com\/?p=10933"},"modified":"2022-08-26T17:12:06","modified_gmt":"2022-08-26T17:12:06","slug":"hoy-se-inaugura-la-193-feria-de-loja","status":"publish","type":"post","link":"https:\/\/www.lodelmomentoloja.com\/?p=10933","title":{"rendered":"Hoy se inaugura la 193 Feria de Loja"},"content":{"rendered":"<p>Este viernes 26 de agosto de 2022, a las 19:00, en el Teatro Nacional Benjam\u00edn Carri\u00f3n Mora, se inaugurar\u00e1 la 193 Feria de Loja, con presencia de autoridades locales, provinciales y del ministro de Producci\u00f3n, Julio Jos\u00e9 Prado.<\/p>\n<p>El evento formal de inauguraci\u00f3n es este viernes 26, pero las puertas del Complejo Ferial Sim\u00f3n Bol\u00edvar, para que las personas puedan ingresar, ser\u00e1n abiertas el s\u00e1bado al mediod\u00eda. El programa arranca este d\u00eda con la eucarist\u00eda en la Catedral a las 16:00, luego desde las 19:15, el <strong>cant\u00f3n Puyango har\u00e1 la presentaci\u00f3n de su cultura, miel y caf\u00e9<\/strong>, y finalmente, la inauguraci\u00f3n despu\u00e9s de las 19:30, para dejar al final, a las 20:30, la antolog\u00eda de la m\u00fasica ecuatoriana-peruana.<\/p>\n<p>Fuente: La Hora<\/p>\n<p>www.lodelmomentoloja.com<\/p>\n<p>#LDMnoticias #lodelmomentolojaLDM<\/p>\n<p>&nbsp;<\/p>\n","protected":false},"excerpt":{"rendered":"<p>Este viernes 26 de agosto de 2022, a las 19:00, en el Teatro Nacional Benjam\u00edn&#8230;<\/p>\n","protected":false},"author":1,"featured_media":10934,"comment_status":"open","ping_status":"open","sticky":false,"template":"","format":"standard","meta":{"footnotes":""},"categories":[1,5],"tags":[],"class_list":["post-10933","post","type-post","status-publish","format-standard","has-post-thumbnail","hentry","category-inicio","category-loja"],"_links":{"self":[{"href":"https:\/\/www.lodelmomentoloja.com\/index.php?rest_route=\/wp\/v2\/posts\/10933"}],"collection":[{"href":"https:\/\/www.lodelmomentoloja.com\/index.php?rest_route=\/wp\/v2\/posts"}],"about":[{"href":"https:\/\/www.lodelmomentoloja.com\/index.php?rest_route=\/wp\/v2\/types\/post"}],"author":[{"embeddable":true,"href":"https:\/\/www.lodelmomentoloja.com\/index.php?rest_route=\/wp\/v2\/users\/1"}],"replies":[{"embeddable":true,"href":"https:\/\/www.lodelmomentoloja.com\/index.php?rest_route=%2Fwp%2Fv2%2Fcomments&post=10933"}],"version-history":[{"count":1,"href":"https:\/\/www.lodelmomentoloja.com\/index.php?rest_route=\/wp\/v2\/posts\/10933\/revisions"}],"predecessor-version":[{"id":10935,"href":"https:\/\/www.lodelmomentoloja.com\/index.php?rest_route=\/wp\/v2\/posts\/10933\/revisions\/10935"}],"wp:featuredmedia":[{"embeddable":true,"href":"https:\/\/www.lodelmomentoloja.com\/index.php?rest_route=\/wp\/v2\/media\/10934"}],"wp:attachment":[{"href":"https:\/\/www.lodelmomentoloja.com\/index.php?rest_route=%2Fwp%2Fv2%2Fmedia&parent=10933"}],"wp:term":[{"taxonomy":"category","embeddable":true,"href":"https:\/\/www.lodelmomentoloja.com\/index.php?rest_route=%2Fwp%2Fv2%2Fcategories&post=10933"},{"taxonomy":"post_tag","embeddable":true,"href":"https:\/\/www.lodelmomentoloja.com\/index.php?rest_route=%2Fwp%2Fv2%2Ftags&post=10933"}],"curies":[{"name":"wp","href":"https:\/\/api.w.org\/{rel}","templated":true}]}}