{"id":10930,"date":"2022-08-26T09:26:38","date_gmt":"2022-08-26T09:26:38","guid":{"rendered":"https:\/\/www.lodelmomentoloja.com\/?p=10930"},"modified":"2022-08-26T14:28:32","modified_gmt":"2022-08-26T14:28:32","slug":"la-tri-lucira-nueva-pinta-en-el-mundial-de-qatar-2022","status":"publish","type":"post","link":"https:\/\/www.lodelmomentoloja.com\/?p=10930","title":{"rendered":"La Tri lucir\u00e1 nueva pinta en el Mundial de Qatar 2022"},"content":{"rendered":"<p id=\"m81-80-82\" class=\"paragraph \">#Ecuador | La selecci\u00f3n nacional present\u00f3 la indumentaria que usar\u00e1 para disputar los partidos de la Copa del Mundo Catar 2022, En el inicio del programa, que se lleva a cabo en la Casa de la Selecci\u00f3n, en Quito, hubo una presentaci\u00f3n de las antiguas camisetas que le dieron la gloria a la tricolor en anteriores eliminatorias.<\/p>\n<p id=\"m86-85-87\" class=\"paragraph \">Francisco Egas, presidente de la Federaci\u00f3n Ecuatoriana de F\u00fatbol (FEF), es el primer en hablar. &#8220;Hoy nos une un momento sumamente especial porque es simb\u00f3lico lo que veremos. Esa camiseta que tiene los tres colores y que hoy veremos por primera vez ser\u00e1 nuestra bandera para mostrarle al mundo que Ecuador es capaz, que con preparaci\u00f3n y sacrificio su gente puede lograr cosas que no se pensaron&#8221;, comenta.<\/p>\n<p>www.lodelmomentoloja.com<\/p>\n<p>#LDMnoticias #lodelmomentolojaLDM<\/p>\n","protected":false},"excerpt":{"rendered":"<p>#Ecuador | La selecci\u00f3n nacional present\u00f3 la indumentaria que usar\u00e1 para disputar los partidos de&#8230;<\/p>\n","protected":false},"author":1,"featured_media":10931,"comment_status":"open","ping_status":"open","sticky":false,"template":"","format":"standard","meta":{"footnotes":""},"categories":[7,1],"tags":[],"class_list":["post-10930","post","type-post","status-publish","format-standard","has-post-thumbnail","hentry","category-ecuador","category-inicio"],"_links":{"self":[{"href":"https:\/\/www.lodelmomentoloja.com\/index.php?rest_route=\/wp\/v2\/posts\/10930"}],"collection":[{"href":"https:\/\/www.lodelmomentoloja.com\/index.php?rest_route=\/wp\/v2\/posts"}],"about":[{"href":"https:\/\/www.lodelmomentoloja.com\/index.php?rest_route=\/wp\/v2\/types\/post"}],"author":[{"embeddable":true,"href":"https:\/\/www.lodelmomentoloja.com\/index.php?rest_route=\/wp\/v2\/users\/1"}],"replies":[{"embeddable":true,"href":"https:\/\/www.lodelmomentoloja.com\/index.php?rest_route=%2Fwp%2Fv2%2Fcomments&post=10930"}],"version-history":[{"count":1,"href":"https:\/\/www.lodelmomentoloja.com\/index.php?rest_route=\/wp\/v2\/posts\/10930\/revisions"}],"predecessor-version":[{"id":10932,"href":"https:\/\/www.lodelmomentoloja.com\/index.php?rest_route=\/wp\/v2\/posts\/10930\/revisions\/10932"}],"wp:featuredmedia":[{"embeddable":true,"href":"https:\/\/www.lodelmomentoloja.com\/index.php?rest_route=\/wp\/v2\/media\/10931"}],"wp:attachment":[{"href":"https:\/\/www.lodelmomentoloja.com\/index.php?rest_route=%2Fwp%2Fv2%2Fmedia&parent=10930"}],"wp:term":[{"taxonomy":"category","embeddable":true,"href":"https:\/\/www.lodelmomentoloja.com\/index.php?rest_route=%2Fwp%2Fv2%2Fcategories&post=10930"},{"taxonomy":"post_tag","embeddable":true,"href":"https:\/\/www.lodelmomentoloja.com\/index.php?rest_route=%2Fwp%2Fv2%2Ftags&post=10930"}],"curies":[{"name":"wp","href":"https:\/\/api.w.org\/{rel}","templated":true}]}}