{"id":10915,"date":"2022-08-25T13:00:54","date_gmt":"2022-08-25T13:00:54","guid":{"rendered":"https:\/\/www.lodelmomentoloja.com\/?p=10915"},"modified":"2022-08-25T18:55:30","modified_gmt":"2022-08-25T18:55:30","slug":"cuatro-alianzas-de-precandidaturas-se-han-consolidado-en-loja","status":"publish","type":"post","link":"https:\/\/www.lodelmomentoloja.com\/?p=10915","title":{"rendered":"Cuatro alianzas de precandidaturas se han consolidado en Loja"},"content":{"rendered":"<p>Hasta el momento en la provincia de Loja existen registradas dieciocho organizaciones pol\u00edticas, entre nacionales, provinciales y cantonales, cumpliendo el proceso de las precandidaturas seg\u00fan los plazos establecidos por el Consejo Nacional Electoral.<\/p>\n<p>&nbsp;<\/p>\n<p><strong>PRECANDIDATURAS ELECCIONES SECCIONALES Y DEL CONSEJO DE PARTICIPACI\u00d3N CIUDADANA Y CONTROL SOCIAL 2023.<\/strong><\/p>\n<p>&nbsp;<\/p>\n<p><strong>ORGANIZACIONES POL\u00cdTICAS NACIONALES.<\/strong><\/p>\n<p>Movimiento Centro Democr\u00e1tico Nacional, <strong>Lista 1.<\/strong><\/p>\n<p>Alcald\u00eda Loja: Jorge Vicente Fernando Reyes Jaramillo<\/p>\n<p>Prefectura: Kelvin Eduardo Sigcho\u00a0 Azanza \/Ver\u00f3nica del Cisne Alvarado Jaramillo<\/p>\n<p>&nbsp;<\/p>\n<p><strong>&#8211; Partido Unidad Popular, Lista 2.<\/strong><\/p>\n<p>Alcald\u00eda Loja: Wilson Franco Sigcho Silva<\/p>\n<p>Prefectura: No presenta<\/p>\n<p>&nbsp;<\/p>\n<p><strong>&#8211; Partido Sociedad Patri\u00f3tica 21 de Enero, Lista 3.<\/strong><\/p>\n<p>Alcald\u00eda Loja: Jonathan Mauricio Calva Carri\u00f3n<\/p>\n<p>Prefectura: Jessica Carolina Pinargote Catillo\/ Jos\u00e9 Mu\u00f1oz<\/p>\n<p>&nbsp;<\/p>\n<p><strong>&#8211; Movimiento Pueblo Igualdad Democracia &#8220;PID&#8221;, Lista 4.<\/strong><\/p>\n<p>Alcald\u00eda Loja: Ligia Isabel Rodr\u00edguez Lima<\/p>\n<p>Prefectura: Vladimir Antonio Eras Samaniego \/\u00a0 Gloria Ver\u00f3nica Ben\u00edtez Ben\u00edtez<\/p>\n<p>&nbsp;<\/p>\n<p><strong>&#8211; Movimiento Pol\u00edtico Revoluci\u00f3n Ciudadana, Lista 5.<\/strong><\/p>\n<p>Alcald\u00eda Loja: Juan Carlos Torres D\u00edaz<\/p>\n<p>Prefectura: Max Bladimir \u00cd\u00f1iguez \u00cd\u00f1iguez\/Mar\u00eda Cecilia Aguirre<\/p>\n<p>&nbsp;<\/p>\n<p><strong>-Partido Social Cristiano, Lista 6.<\/strong><\/p>\n<p>Alcald\u00eda Loja: Cesar Augusto Guerrero Cueva<\/p>\n<p>Prefectura: Nilo Humberto C\u00f3rdova L\u00f3pez \/ Lilia Susana Tacuri D\u00edaz<\/p>\n<p>&nbsp;<\/p>\n<p><strong>&#8211; Partido Pol\u00edtico AVANZA, Lista 8.<\/strong><\/p>\n<p>Alcald\u00eda Loja:<\/p>\n<p>Prefectura: Jos\u00e9 \u00c1ngel Lucero Cabrera \/ Flor Collaguazo<\/p>\n<p>&nbsp;<\/p>\n<p><strong>&#8211; Partido Izquierda Democr\u00e1tica, Lista 12.<\/strong><\/p>\n<p>Alcald\u00eda Loja: Johan Danilo Arrobo Garc\u00eda<\/p>\n<p>Prefectura: Auria Villavicencio Veintimilla \/ Jorge Francisco Alvarado Veintimilla<\/p>\n<p>&nbsp;<\/p>\n<p><strong>&#8211; Movimiento AMIGO, Acci\u00f3n Movilizadora Independiente Generando Oportunidades, Lista 16.<\/strong><\/p>\n<p>Alcald\u00eda Loja: <strong>NO TIENE<\/strong><\/p>\n<p>Prefectura: R\u00faben Alejandro Bustamante Monteros\/ Mar\u00eda Fernanda Alvear<\/p>\n<p>&nbsp;<\/p>\n<p><strong>&#8211; Partido Socialista Ecuatoriano, Lista 17.<\/strong><\/p>\n<p>Alcald\u00eda Loja: Fredy Oswaldo Altamirano Arias<\/p>\n<p>Prefectura: <strong>NO TIENE<\/strong><\/p>\n<p>&nbsp;<\/p>\n<p><strong>&#8211; Movimiento de Unidad Plurinacional Pachakutik, Lista 18.<\/strong><\/p>\n<p>Alcald\u00eda Loja: Carlos Leonel Escudero S\u00e1nchez<\/p>\n<p>Prefectura: Jorge Luis Guevara Benavidez \/ Lourdes Jap\u00f3n<\/p>\n<p>&nbsp;<\/p>\n<p><strong>&#8211; Movimiento Democracia SI, Lista 20.<\/strong><\/p>\n<p>Alcald\u00eda Loja: Bryan Eduardo Cango Picoita<\/p>\n<p>Prefectura: Benjam\u00edn Oswaldo Lude\u00f1a Guam\u00e1n \/Mar\u00eda Esparza<\/p>\n<p>&nbsp;<\/p>\n<p><strong>&#8211; Partido Sociedad Unida M\u00e1s Acci\u00f3n, SUMA, Lista 23.<\/strong><\/p>\n<p>Alcald\u00eda Loja: <strong>NO TIENE<\/strong><\/p>\n<p>Prefectura: Mario Jos\u00e9 Mancino Valdivieso\/Mar\u00eda Jos\u00e9 Sotomayor<\/p>\n<p>&nbsp;<\/p>\n<p><strong>\u00a0Organizaciones Pol\u00edticas Provinciales <\/strong><\/p>\n<p>&#8211; Movimiento Acci\u00f3n Regional por la Equidad, ARE, <strong>Lista 61.<\/strong><\/p>\n<p>Alcald\u00eda Loja: Jos\u00e9 Bol\u00edvar Castillo Vivanco<\/p>\n<p>Prefectura: Oswaldo Vicente Rom\u00e1n Calero\/Azucena Bravo<\/p>\n<p>&nbsp;<\/p>\n<p><strong>&#8211; Movimiento Solidez, Esperanza y Respeto \u201cSER\u201d, Lista 63.<\/strong><\/p>\n<p>Alcald\u00eda Loja: Franco Antonio Quezada Montesinos<\/p>\n<p>Prefectura: <strong>NO TIENE<\/strong><\/p>\n<p>&nbsp;<\/p>\n<p><strong>&#8211; Movimiento Alianza Popular Latinoamericana, APLA, Lista 73. <\/strong><\/p>\n<p>Alcald\u00eda Loja: Nixon Arlig Granda<\/p>\n<p>Prefectura: <strong>NO TIENE<\/strong><\/p>\n<p>&nbsp;<\/p>\n<p><strong>Organizaciones Pol\u00edticas Cantonales <\/strong><\/p>\n<p>&#8211; Movimiento Renovaci\u00f3n Democr\u00e1tica, <strong>Lista 111<\/strong>.<\/p>\n<p>Alcald\u00eda Loja: Patricio Alberto Valdivieso Espinosa<\/p>\n<p>Prefectura: <strong>NO TIENE<\/strong><\/p>\n<p>&nbsp;<\/p>\n<p><strong>&#8211; Movimiento Progresa, Lista 123.<\/strong><\/p>\n<p>Alcald\u00eda Loja: Fernando Geovanny Ayala Guerrero<\/p>\n<p>Prefectura: <strong>NO TIENE<\/strong><\/p>\n<p>&nbsp;<\/p>\n<h3><strong>ALIANZAS ELECTORALES<\/strong><\/h3>\n<p>En miras de las elecciones seccionales 2023, los diferentes partidos y movimientos pol\u00edticos han comenzado a realizar alianzas como parte del proceso de las precandidaturas, dejando como resultado la uni\u00f3n de ocho organizaciones en grupos de a dos de las 18 organizaciones para un total de 4 alianzas.<\/p>\n<p>&nbsp;<\/p>\n<p><strong>ALIANZA:<\/strong> &#8220;<strong>El Reto es Loja&#8221;<\/strong> (Movimiento Renovaci\u00f3n Total, RETO, Lista 33 &#8211; Movimiento Construye, Lista 25).<\/p>\n<p>Alcald\u00eda Loja: Pa\u00fal Stewart Cueva Luzuriaga<\/p>\n<p>Prefectura: Dar\u00edo Javier Loja Reyes<\/p>\n<p>&nbsp;<\/p>\n<p><strong>ALIANZA: &#8220;Por Loja&#8221;<\/strong> (Partido Social Cristiano, <strong>Lista 6<\/strong> &#8211; Movimiento Convocatoria por la Unidad Provincial, <strong>Lista 62<\/strong>).<\/p>\n<p>Alcald\u00eda Loja: Cesar Augusto Guerrero Cueva<\/p>\n<p>Prefectura: Nilo Humberto C\u00f3rdova L\u00f3pez<\/p>\n<p>&nbsp;<\/p>\n<p><strong>ALIANZA: &#8220;Somos El Cambio&#8221;<\/strong><\/p>\n<p>(Partido Unidad Popular, <strong>Lista 2 <\/strong>&#8211; Movimiento de Unidad Plurinacional Pachakutik, <strong>Lista 18<\/strong>).<\/p>\n<p>Alcald\u00eda Loja: Carlos Leonel Escudero S\u00e1nchez<\/p>\n<p>Prefectura: Jorge Luis Guevara Benavidez<\/p>\n<p>&nbsp;<\/p>\n<p><strong>ALIANZA: &#8220;Juntos Por Loja&#8221;<\/strong><\/p>\n<p>(Partido Sociedad Unida M\u00e1s Acci\u00f3n, SUMA, Lista 23.- Movimiento Alianza Popular Latinoamericana, APLA, <strong>Lista 73<\/strong>).<\/p>\n<p>Alcald\u00eda Loja: Nixon Arlig Granda<\/p>\n<p>Prefectura: Mario Jos\u00e9 Mancino Valdivieso\/Mar\u00eda Jos\u00e9 Sotomayor<\/p>\n<p>&nbsp;<\/p>\n<p>&nbsp;<\/p>\n<p><em>S\u00edguenos #LDMnoticias \u00f3 #lodelmomentolojaLDM<\/em><\/p>\n","protected":false},"excerpt":{"rendered":"<p>Hasta el momento en la provincia de Loja existen registradas dieciocho organizaciones pol\u00edticas, entre nacionales,&#8230;<\/p>\n","protected":false},"author":1,"featured_media":10916,"comment_status":"open","ping_status":"open","sticky":false,"template":"","format":"standard","meta":{"footnotes":""},"categories":[1,5],"tags":[],"class_list":["post-10915","post","type-post","status-publish","format-standard","has-post-thumbnail","hentry","category-inicio","category-loja"],"_links":{"self":[{"href":"https:\/\/www.lodelmomentoloja.com\/index.php?rest_route=\/wp\/v2\/posts\/10915"}],"collection":[{"href":"https:\/\/www.lodelmomentoloja.com\/index.php?rest_route=\/wp\/v2\/posts"}],"about":[{"href":"https:\/\/www.lodelmomentoloja.com\/index.php?rest_route=\/wp\/v2\/types\/post"}],"author":[{"embeddable":true,"href":"https:\/\/www.lodelmomentoloja.com\/index.php?rest_route=\/wp\/v2\/users\/1"}],"replies":[{"embeddable":true,"href":"https:\/\/www.lodelmomentoloja.com\/index.php?rest_route=%2Fwp%2Fv2%2Fcomments&post=10915"}],"version-history":[{"count":1,"href":"https:\/\/www.lodelmomentoloja.com\/index.php?rest_route=\/wp\/v2\/posts\/10915\/revisions"}],"predecessor-version":[{"id":10917,"href":"https:\/\/www.lodelmomentoloja.com\/index.php?rest_route=\/wp\/v2\/posts\/10915\/revisions\/10917"}],"wp:featuredmedia":[{"embeddable":true,"href":"https:\/\/www.lodelmomentoloja.com\/index.php?rest_route=\/wp\/v2\/media\/10916"}],"wp:attachment":[{"href":"https:\/\/www.lodelmomentoloja.com\/index.php?rest_route=%2Fwp%2Fv2%2Fmedia&parent=10915"}],"wp:term":[{"taxonomy":"category","embeddable":true,"href":"https:\/\/www.lodelmomentoloja.com\/index.php?rest_route=%2Fwp%2Fv2%2Fcategories&post=10915"},{"taxonomy":"post_tag","embeddable":true,"href":"https:\/\/www.lodelmomentoloja.com\/index.php?rest_route=%2Fwp%2Fv2%2Ftags&post=10915"}],"curies":[{"name":"wp","href":"https:\/\/api.w.org\/{rel}","templated":true}]}}