{"id":10895,"date":"2022-08-24T18:10:00","date_gmt":"2022-08-24T18:10:00","guid":{"rendered":"https:\/\/www.lodelmomentoloja.com\/?p=10895"},"modified":"2022-08-24T23:15:13","modified_gmt":"2022-08-24T23:15:13","slug":"presidente-firma-el-veto-parcial-para-la-ley-de-comunicacion","status":"publish","type":"post","link":"https:\/\/www.lodelmomentoloja.com\/?p=10895","title":{"rendered":"Presidente firma el veto parcial para la ley de comunicaci\u00f3n"},"content":{"rendered":"<p>Guillermo Lasso firma el veto para la Ley de Comunicaci\u00f3n<\/p>\n<p>Guillermo Lasso, firm\u00f3 el documento en el que veta parcialmente las reformas a Ley de Comunicaci\u00f3n aprobadas por la Asamblea en julio de 2022.<\/p>\n<p>El proyecto de Ley de Comunicaci\u00f3n ha tra\u00eddo consigo varias disputas entre varios ciudadanos, pues algunos de estos no aprobaban las reformas que se hicieron a esta ley. Hoy, mi\u00e9rcoles 24 de agosto de 2022, el presidente de la Rep\u00fablica, Guillermo Lasso, ha firmado el veto parcial del documento este.<\/p>\n<p>Con este anuncio, el mandatario responde a gremios, periodistas y organizaciones para que siga en pie la libertad de expresi\u00f3n que estaba en disputa con la nueva reforma de la dicha ley.<\/p>\n<p>Pues, se conoce que si el veto es parcial implicar\u00e1 que se deja abierta la posibilidad a la Asamblea pueda insistir en la aprobaci\u00f3n del texto original, quienes tendr\u00e1n 30 d\u00edas para allanarse o insistir en el texto original.<\/p>\n<p>Por su parte, Lasso dijo que en toda su carrera ha defendido la libertad de expresi\u00f3n y ha tomado esta bandera de lucha como un elemento vital para la democracia. &#8220;Ecuador necesita una prensa libre, responsable, que investigue y contraste la informaci\u00f3n. No reviviremos una ley mordaza que persiga a quien piense y opine diferente&#8221;, dijo en alusi\u00f3n al periodo Corre\u00edsta.<\/p>\n<p>Con estas palabras el presidente procedi\u00f3 a firmar el veto parcial al proyecto de la Ley de Comunicaci\u00f3n, ahora solo restar\u00e1 esperar la decisi\u00f3n de la Asamblea Nacional si insiste en el texto original o acepta el veto del presidente.<\/p>\n","protected":false},"excerpt":{"rendered":"<p>Guillermo Lasso firma el veto para la Ley de Comunicaci\u00f3n Guillermo Lasso, firm\u00f3 el documento&#8230;<\/p>\n","protected":false},"author":1,"featured_media":10896,"comment_status":"open","ping_status":"open","sticky":false,"template":"","format":"standard","meta":{"footnotes":""},"categories":[7,1],"tags":[],"class_list":["post-10895","post","type-post","status-publish","format-standard","has-post-thumbnail","hentry","category-ecuador","category-inicio"],"_links":{"self":[{"href":"https:\/\/www.lodelmomentoloja.com\/index.php?rest_route=\/wp\/v2\/posts\/10895"}],"collection":[{"href":"https:\/\/www.lodelmomentoloja.com\/index.php?rest_route=\/wp\/v2\/posts"}],"about":[{"href":"https:\/\/www.lodelmomentoloja.com\/index.php?rest_route=\/wp\/v2\/types\/post"}],"author":[{"embeddable":true,"href":"https:\/\/www.lodelmomentoloja.com\/index.php?rest_route=\/wp\/v2\/users\/1"}],"replies":[{"embeddable":true,"href":"https:\/\/www.lodelmomentoloja.com\/index.php?rest_route=%2Fwp%2Fv2%2Fcomments&post=10895"}],"version-history":[{"count":1,"href":"https:\/\/www.lodelmomentoloja.com\/index.php?rest_route=\/wp\/v2\/posts\/10895\/revisions"}],"predecessor-version":[{"id":10897,"href":"https:\/\/www.lodelmomentoloja.com\/index.php?rest_route=\/wp\/v2\/posts\/10895\/revisions\/10897"}],"wp:featuredmedia":[{"embeddable":true,"href":"https:\/\/www.lodelmomentoloja.com\/index.php?rest_route=\/wp\/v2\/media\/10896"}],"wp:attachment":[{"href":"https:\/\/www.lodelmomentoloja.com\/index.php?rest_route=%2Fwp%2Fv2%2Fmedia&parent=10895"}],"wp:term":[{"taxonomy":"category","embeddable":true,"href":"https:\/\/www.lodelmomentoloja.com\/index.php?rest_route=%2Fwp%2Fv2%2Fcategories&post=10895"},{"taxonomy":"post_tag","embeddable":true,"href":"https:\/\/www.lodelmomentoloja.com\/index.php?rest_route=%2Fwp%2Fv2%2Ftags&post=10895"}],"curies":[{"name":"wp","href":"https:\/\/api.w.org\/{rel}","templated":true}]}}