{"id":10892,"date":"2022-08-24T17:25:18","date_gmt":"2022-08-24T17:25:18","guid":{"rendered":"https:\/\/www.lodelmomentoloja.com\/?p=10892"},"modified":"2022-08-24T22:32:29","modified_gmt":"2022-08-24T22:32:29","slug":"movimiento-reto-33-presenta-sus-precandidatos-oficiales-para-comicios-2023","status":"publish","type":"post","link":"https:\/\/www.lodelmomentoloja.com\/?p=10892","title":{"rendered":"Movimiento Reto 33 presenta sus precandidatos oficiales para comicios 2023"},"content":{"rendered":"<p>Renovaci\u00f3n total o Reto 33 presento oficialmente sus precandidatos para Loja.<\/p>\n<p>Con una programaci\u00f3n llena de alegr\u00eda e intervenciones musicales, este movimiento pol\u00edtico expuso sus aspiraciones para las elecciones del 2023.<\/p>\n<p>El Movimiento Pol\u00edtico Renovaci\u00f3n total, lista 33, en la noche del 23 de agosto de 2022, realizaron la presentaci\u00f3n de sus candidatos para los comicios electorales del 2023, estos presentaron sus propuestas que ser\u00eda para el beneficio de la ciudadan\u00eda y ciudad de Loja.<\/p>\n<p>Los principales rostros para las elecciones que est\u00e1n a pocos meses son:<br \/>\n-Dar\u00edo Loja, precandidato a la Prefectura de Loja.<br \/>\n&#8211; Karina Gomales, precandidata a la vice prefectura de Loja.<br \/>\n&#8211; Paul Cueva, precandidato a la Alcald\u00eda de Loja.<br \/>\n&#8211; Cristian Alvarado, precandidato a la concejal\u00eda por el distrito Norte.<br \/>\n&#8211; Santiago Err\u00e1ez, precandidato a la concejal\u00eda por el distrito Sur.<\/p>\n<p>Karina Gonz\u00e1lez, quien representa a la mujer en esta organizaci\u00f3n, comento que han venido prepar\u00e1ndose durante varios meses atr\u00e1s, para presentar a la ciudadan\u00eda proyectos sostenibles y que realmente se puedan ejecutar.<\/p>\n<p>Adem\u00e1s, cada uno de los precandidatos, se present\u00f3 a la ciudadan\u00eda, adem\u00e1s dieron a conocer cu\u00e1l ser\u00e1 el trabajo mancomunado que realizaran durante su gesti\u00f3n, en el supuesto caso, que llegaran a ganar los diferentes cargos de elecci\u00f3n popular.<br \/>\nPor su parte, Dario Loja, menciono que llevar\u00e1 a cabo pol\u00edtica de una manera diferente, \u201ccon propuestas, con planteamientos, sin ataques y construyendo una nueva ciudad\u201d, adem\u00e1s invito a la ciudadan\u00eda a no perder la fe ni la esperanza, ya que vendr\u00e1n tiempos mejores.<\/p>\n<p>El Concejo Nacional Electoral abri\u00f3 los plazos para inscribir las diferentes candidaturas oficiales desde el 22 de agosto hasta 20 de septiembre, por ello, se conoce que Renovaci\u00f3n total o Reto, escribir\u00e1 oficialmente su organizaci\u00f3n pol\u00edtica en los pr\u00f3ximos d\u00edas.<\/p>\n<p>www.lodelmomentoloja.com<\/p>\n<p>#LDMnoticias #lodelmomentolojaLDM<\/p>\n","protected":false},"excerpt":{"rendered":"<p>Renovaci\u00f3n total o Reto 33 presento oficialmente sus precandidatos para Loja. Con una programaci\u00f3n llena&#8230;<\/p>\n","protected":false},"author":1,"featured_media":10893,"comment_status":"open","ping_status":"open","sticky":false,"template":"","format":"standard","meta":{"footnotes":""},"categories":[1,5],"tags":[],"class_list":["post-10892","post","type-post","status-publish","format-standard","has-post-thumbnail","hentry","category-inicio","category-loja"],"_links":{"self":[{"href":"https:\/\/www.lodelmomentoloja.com\/index.php?rest_route=\/wp\/v2\/posts\/10892"}],"collection":[{"href":"https:\/\/www.lodelmomentoloja.com\/index.php?rest_route=\/wp\/v2\/posts"}],"about":[{"href":"https:\/\/www.lodelmomentoloja.com\/index.php?rest_route=\/wp\/v2\/types\/post"}],"author":[{"embeddable":true,"href":"https:\/\/www.lodelmomentoloja.com\/index.php?rest_route=\/wp\/v2\/users\/1"}],"replies":[{"embeddable":true,"href":"https:\/\/www.lodelmomentoloja.com\/index.php?rest_route=%2Fwp%2Fv2%2Fcomments&post=10892"}],"version-history":[{"count":1,"href":"https:\/\/www.lodelmomentoloja.com\/index.php?rest_route=\/wp\/v2\/posts\/10892\/revisions"}],"predecessor-version":[{"id":10894,"href":"https:\/\/www.lodelmomentoloja.com\/index.php?rest_route=\/wp\/v2\/posts\/10892\/revisions\/10894"}],"wp:featuredmedia":[{"embeddable":true,"href":"https:\/\/www.lodelmomentoloja.com\/index.php?rest_route=\/wp\/v2\/media\/10893"}],"wp:attachment":[{"href":"https:\/\/www.lodelmomentoloja.com\/index.php?rest_route=%2Fwp%2Fv2%2Fmedia&parent=10892"}],"wp:term":[{"taxonomy":"category","embeddable":true,"href":"https:\/\/www.lodelmomentoloja.com\/index.php?rest_route=%2Fwp%2Fv2%2Fcategories&post=10892"},{"taxonomy":"post_tag","embeddable":true,"href":"https:\/\/www.lodelmomentoloja.com\/index.php?rest_route=%2Fwp%2Fv2%2Ftags&post=10892"}],"curies":[{"name":"wp","href":"https:\/\/api.w.org\/{rel}","templated":true}]}}