{"id":10850,"date":"2022-08-23T08:39:40","date_gmt":"2022-08-23T08:39:40","guid":{"rendered":"https:\/\/www.lodelmomentoloja.com\/?p=10850"},"modified":"2022-08-23T13:41:50","modified_gmt":"2022-08-23T13:41:50","slug":"inicio-el-censo-penitenciario-en-la-carcel-de-loja","status":"publish","type":"post","link":"https:\/\/www.lodelmomentoloja.com\/?p=10850","title":{"rendered":"Inici\u00f3 el censo penitenciario en la c\u00e1rcel de Loja"},"content":{"rendered":"<p>#Loja | El censo penitenciario que se dio en las instalaciones de la c\u00e1rcel de Loja, tendr\u00e1 una duraci\u00f3n de tres d\u00edas, se lo realiza con el objetiv\u00f3 de conocer las necesidades esenciales dentro de las instalaciones de los diferentes centros de privaci\u00f3n de la libertad y las del entorno familiar de los ppl.<\/p>\n<p><iframe loading=\"lazy\" title=\"Inicio el censo penitenciario 2022 en el centro de rehabilitaci\u00f3n de Loja | LO DEL MOMENTO LOJA\" width=\"640\" height=\"360\" src=\"https:\/\/www.youtube.com\/embed\/_1-0FOX9Rvg?feature=oembed\" frameborder=\"0\" allow=\"accelerometer; autoplay; clipboard-write; encrypted-media; gyroscope; picture-in-picture; web-share\" referrerpolicy=\"strict-origin-when-cross-origin\" allowfullscreen><\/iframe><\/p>\n<p>www.lodelmomentoloja.com<br \/>\n#LDMnoticias #lodelmomentolojaLDM<\/p>\n","protected":false},"excerpt":{"rendered":"<p>#Loja | El censo penitenciario que se dio en las instalaciones de la c\u00e1rcel de&#8230;<\/p>\n","protected":false},"author":1,"featured_media":10851,"comment_status":"open","ping_status":"open","sticky":false,"template":"","format":"standard","meta":{"footnotes":""},"categories":[1,5],"tags":[],"class_list":["post-10850","post","type-post","status-publish","format-standard","has-post-thumbnail","hentry","category-inicio","category-loja"],"_links":{"self":[{"href":"https:\/\/www.lodelmomentoloja.com\/index.php?rest_route=\/wp\/v2\/posts\/10850"}],"collection":[{"href":"https:\/\/www.lodelmomentoloja.com\/index.php?rest_route=\/wp\/v2\/posts"}],"about":[{"href":"https:\/\/www.lodelmomentoloja.com\/index.php?rest_route=\/wp\/v2\/types\/post"}],"author":[{"embeddable":true,"href":"https:\/\/www.lodelmomentoloja.com\/index.php?rest_route=\/wp\/v2\/users\/1"}],"replies":[{"embeddable":true,"href":"https:\/\/www.lodelmomentoloja.com\/index.php?rest_route=%2Fwp%2Fv2%2Fcomments&post=10850"}],"version-history":[{"count":1,"href":"https:\/\/www.lodelmomentoloja.com\/index.php?rest_route=\/wp\/v2\/posts\/10850\/revisions"}],"predecessor-version":[{"id":10852,"href":"https:\/\/www.lodelmomentoloja.com\/index.php?rest_route=\/wp\/v2\/posts\/10850\/revisions\/10852"}],"wp:featuredmedia":[{"embeddable":true,"href":"https:\/\/www.lodelmomentoloja.com\/index.php?rest_route=\/wp\/v2\/media\/10851"}],"wp:attachment":[{"href":"https:\/\/www.lodelmomentoloja.com\/index.php?rest_route=%2Fwp%2Fv2%2Fmedia&parent=10850"}],"wp:term":[{"taxonomy":"category","embeddable":true,"href":"https:\/\/www.lodelmomentoloja.com\/index.php?rest_route=%2Fwp%2Fv2%2Fcategories&post=10850"},{"taxonomy":"post_tag","embeddable":true,"href":"https:\/\/www.lodelmomentoloja.com\/index.php?rest_route=%2Fwp%2Fv2%2Ftags&post=10850"}],"curies":[{"name":"wp","href":"https:\/\/api.w.org\/{rel}","templated":true}]}}