{"id":10828,"date":"2022-08-22T09:34:00","date_gmt":"2022-08-22T09:34:00","guid":{"rendered":"https:\/\/www.lodelmomentoloja.com\/?p=10828"},"modified":"2022-08-22T14:36:29","modified_gmt":"2022-08-22T14:36:29","slug":"ecuatorianos-detenidos-en-el-salvador","status":"publish","type":"post","link":"https:\/\/www.lodelmomentoloja.com\/?p=10828","title":{"rendered":"Ecuatorianos detenidos en El Salvador"},"content":{"rendered":"<p>Dos ecuatorianos fueron capturados el s\u00e1bado en una embarcaci\u00f3n que llevaba 700 kg de coca\u00edna. El tercero hab\u00eda sido detenido el viernes.<\/p>\n<p>La Fuerza Naval de El Salvador incaut\u00f3 en las aguas del Pac\u00edfico un cargamento de aproximadamente 700 kilogramos de coca\u00edna, seg\u00fan public\u00f3 este s\u00e1bado en Twitter el presidente Nayib Bukele.<\/p>\n<p>El mandatario se\u00f1al\u00f3 que la incautaci\u00f3n se registr\u00f3 a 480 millas n\u00e1uticas (m\u00e1s de 800 kil\u00f3metros) de distancia del puerto de la localidad de Acajutla, en el occidente del pa\u00eds.<\/p>\n<p>\u201cInterceptaron una peque\u00f1a embarcaci\u00f3n, que transportaba aproximadamente 700 kg de coca\u00edna, valorados en m\u00e1s de USD 17 millones\u201c, indic\u00f3 Bukele.<\/p>\n<p>Via Primicias<\/p>\n<p>&nbsp;<\/p>\n<p>#LDMnoticias #lodelmomentolojaLDM<\/p>\n","protected":false},"excerpt":{"rendered":"<p>Dos ecuatorianos fueron capturados el s\u00e1bado en una embarcaci\u00f3n que llevaba 700 kg de coca\u00edna&#8230;.<\/p>\n","protected":false},"author":1,"featured_media":10829,"comment_status":"open","ping_status":"open","sticky":false,"template":"","format":"standard","meta":{"footnotes":""},"categories":[1,4],"tags":[],"class_list":["post-10828","post","type-post","status-publish","format-standard","has-post-thumbnail","hentry","category-inicio","category-internacional"],"_links":{"self":[{"href":"https:\/\/www.lodelmomentoloja.com\/index.php?rest_route=\/wp\/v2\/posts\/10828"}],"collection":[{"href":"https:\/\/www.lodelmomentoloja.com\/index.php?rest_route=\/wp\/v2\/posts"}],"about":[{"href":"https:\/\/www.lodelmomentoloja.com\/index.php?rest_route=\/wp\/v2\/types\/post"}],"author":[{"embeddable":true,"href":"https:\/\/www.lodelmomentoloja.com\/index.php?rest_route=\/wp\/v2\/users\/1"}],"replies":[{"embeddable":true,"href":"https:\/\/www.lodelmomentoloja.com\/index.php?rest_route=%2Fwp%2Fv2%2Fcomments&post=10828"}],"version-history":[{"count":1,"href":"https:\/\/www.lodelmomentoloja.com\/index.php?rest_route=\/wp\/v2\/posts\/10828\/revisions"}],"predecessor-version":[{"id":10830,"href":"https:\/\/www.lodelmomentoloja.com\/index.php?rest_route=\/wp\/v2\/posts\/10828\/revisions\/10830"}],"wp:featuredmedia":[{"embeddable":true,"href":"https:\/\/www.lodelmomentoloja.com\/index.php?rest_route=\/wp\/v2\/media\/10829"}],"wp:attachment":[{"href":"https:\/\/www.lodelmomentoloja.com\/index.php?rest_route=%2Fwp%2Fv2%2Fmedia&parent=10828"}],"wp:term":[{"taxonomy":"category","embeddable":true,"href":"https:\/\/www.lodelmomentoloja.com\/index.php?rest_route=%2Fwp%2Fv2%2Fcategories&post=10828"},{"taxonomy":"post_tag","embeddable":true,"href":"https:\/\/www.lodelmomentoloja.com\/index.php?rest_route=%2Fwp%2Fv2%2Ftags&post=10828"}],"curies":[{"name":"wp","href":"https:\/\/api.w.org\/{rel}","templated":true}]}}