{"id":10805,"date":"2022-08-19T14:25:55","date_gmt":"2022-08-19T14:25:55","guid":{"rendered":"https:\/\/www.lodelmomentoloja.com\/?p=10805"},"modified":"2022-08-19T19:29:33","modified_gmt":"2022-08-19T19:29:33","slug":"richard-carapaz-dice-adios-a-ineos","status":"publish","type":"post","link":"https:\/\/www.lodelmomentoloja.com\/?p=10805","title":{"rendered":"Richard Carapaz dice adi\u00f3s a Ineos"},"content":{"rendered":"<p>#Internacional | Este viernes 19 de agosto de 2022, se oficializ\u00f3 la firma del contrato de Richard Carapaz con EF Education Easy Post. Cuatro d\u00edas despu\u00e9s que Rod Ellingworth, subdirector del Ineos, informara que el ecuatoriano no continuar\u00e1 en el equipo brit\u00e1nico en el 2023.<\/p>\n<p>El nuevo equipo oficializ\u00f3 esta ma\u00f1ana en sus redes sociales y habla muy bien del ciclista mencionando que m\u00e1s all\u00e1 de sus triunfos a\u00fan hay camino para recorrer.<\/p>\n<p>En la p\u00e1gina oficial escribieron &#8220;Podr\u00eda decirse que es el ciclista m\u00e1s consumado que ha producido Ecuador, Richard ha corrido en el WorldTour desde 2016. El a\u00f1o pasado gan\u00f3 la medalla de oro en los Juegos Ol\u00edmpicos de Tokio y se proclam\u00f3 campe\u00f3n de la general del Tour de Suiza. Adem\u00e1s de ganar el Giro de Italia 2019, ha subido al podio en las tres grandes vueltas. Richard es el actual campe\u00f3n nacional de contrarreloj de Ecuador&#8221;.<\/p>\n<p>www.lodelmomentoloja.com<br \/>\n#LDMnoticias #lodelmomentolojaLDM<\/p>\n","protected":false},"excerpt":{"rendered":"<p>#Internacional | Este viernes 19 de agosto de 2022, se oficializ\u00f3 la firma del contrato&#8230;<\/p>\n","protected":false},"author":1,"featured_media":10806,"comment_status":"open","ping_status":"open","sticky":false,"template":"","format":"standard","meta":{"footnotes":""},"categories":[1,4],"tags":[],"class_list":["post-10805","post","type-post","status-publish","format-standard","has-post-thumbnail","hentry","category-inicio","category-internacional"],"_links":{"self":[{"href":"https:\/\/www.lodelmomentoloja.com\/index.php?rest_route=\/wp\/v2\/posts\/10805"}],"collection":[{"href":"https:\/\/www.lodelmomentoloja.com\/index.php?rest_route=\/wp\/v2\/posts"}],"about":[{"href":"https:\/\/www.lodelmomentoloja.com\/index.php?rest_route=\/wp\/v2\/types\/post"}],"author":[{"embeddable":true,"href":"https:\/\/www.lodelmomentoloja.com\/index.php?rest_route=\/wp\/v2\/users\/1"}],"replies":[{"embeddable":true,"href":"https:\/\/www.lodelmomentoloja.com\/index.php?rest_route=%2Fwp%2Fv2%2Fcomments&post=10805"}],"version-history":[{"count":1,"href":"https:\/\/www.lodelmomentoloja.com\/index.php?rest_route=\/wp\/v2\/posts\/10805\/revisions"}],"predecessor-version":[{"id":10807,"href":"https:\/\/www.lodelmomentoloja.com\/index.php?rest_route=\/wp\/v2\/posts\/10805\/revisions\/10807"}],"wp:featuredmedia":[{"embeddable":true,"href":"https:\/\/www.lodelmomentoloja.com\/index.php?rest_route=\/wp\/v2\/media\/10806"}],"wp:attachment":[{"href":"https:\/\/www.lodelmomentoloja.com\/index.php?rest_route=%2Fwp%2Fv2%2Fmedia&parent=10805"}],"wp:term":[{"taxonomy":"category","embeddable":true,"href":"https:\/\/www.lodelmomentoloja.com\/index.php?rest_route=%2Fwp%2Fv2%2Fcategories&post=10805"},{"taxonomy":"post_tag","embeddable":true,"href":"https:\/\/www.lodelmomentoloja.com\/index.php?rest_route=%2Fwp%2Fv2%2Ftags&post=10805"}],"curies":[{"name":"wp","href":"https:\/\/api.w.org\/{rel}","templated":true}]}}