{"id":10790,"date":"2022-08-18T15:11:48","date_gmt":"2022-08-18T15:11:48","guid":{"rendered":"https:\/\/www.lodelmomentoloja.com\/?p=10790"},"modified":"2022-08-18T20:13:12","modified_gmt":"2022-08-18T20:13:12","slug":"bodas-de-plata-del-canton-olmedo","status":"publish","type":"post","link":"https:\/\/www.lodelmomentoloja.com\/?p=10790","title":{"rendered":"Bodas de Plata del cant\u00f3n Olmedo"},"content":{"rendered":"<p>#Loja | Concierto gratuito por las bodas de plata en Olmedo.<\/p>\n<p>Al celebrar sus 25 a\u00f1os, el cant\u00f3n Olmedo festeja a lo grande el cierre de sus festividades denominado \u201cOlmedo en los ojos del mundo\u201d, con un &#8216;mano a mano&#8217; de cumbia, en donde se disfrutar\u00e1 un versus entre los grandes de Am\u00e9rica, desde Argentina &#8216;Proyecto X&#8217; y desde Colombia &#8216;La Sonora Dinamita.&#8217;<\/p>\n<p>El evento se llevar\u00e1 a cabo el pr\u00f3ximo 22 de Agosto a partir de las 20h00 en el Parque Central, gracias al alcalde Klever S\u00e1nchez.<\/p>\n<p>Como parte del cronograma de actividades de este d\u00eda se realizar\u00e1 lo siguiente:<\/p>\n<p>&#8211; 08h30: desfile c\u00edvico estudiantil y militar<br \/>\n&#8211; 11h00, sesi\u00f3n solemne, por los 25 a\u00f1os de creaci\u00f3n del cant\u00f3n con aroma de caf\u00e9 (Olmedo) durante el evento entregar\u00e1n reconocimientos a las autoridades y ciudadanos que han contribuido para el desarrollo del pueblo.<br \/>\n&#8211; 20h00: Concierto y baile de la confraternidad.<\/p>\n<p>www.lodelmomentoloja.com<br \/>\n#LDMnoticias #lodelmomentolojaLDM<\/p>\n","protected":false},"excerpt":{"rendered":"<p>#Loja | Concierto gratuito por las bodas de plata en Olmedo. Al celebrar sus 25&#8230;<\/p>\n","protected":false},"author":1,"featured_media":10791,"comment_status":"open","ping_status":"open","sticky":false,"template":"","format":"standard","meta":{"footnotes":""},"categories":[1,5],"tags":[],"class_list":["post-10790","post","type-post","status-publish","format-standard","has-post-thumbnail","hentry","category-inicio","category-loja"],"_links":{"self":[{"href":"https:\/\/www.lodelmomentoloja.com\/index.php?rest_route=\/wp\/v2\/posts\/10790"}],"collection":[{"href":"https:\/\/www.lodelmomentoloja.com\/index.php?rest_route=\/wp\/v2\/posts"}],"about":[{"href":"https:\/\/www.lodelmomentoloja.com\/index.php?rest_route=\/wp\/v2\/types\/post"}],"author":[{"embeddable":true,"href":"https:\/\/www.lodelmomentoloja.com\/index.php?rest_route=\/wp\/v2\/users\/1"}],"replies":[{"embeddable":true,"href":"https:\/\/www.lodelmomentoloja.com\/index.php?rest_route=%2Fwp%2Fv2%2Fcomments&post=10790"}],"version-history":[{"count":1,"href":"https:\/\/www.lodelmomentoloja.com\/index.php?rest_route=\/wp\/v2\/posts\/10790\/revisions"}],"predecessor-version":[{"id":10792,"href":"https:\/\/www.lodelmomentoloja.com\/index.php?rest_route=\/wp\/v2\/posts\/10790\/revisions\/10792"}],"wp:featuredmedia":[{"embeddable":true,"href":"https:\/\/www.lodelmomentoloja.com\/index.php?rest_route=\/wp\/v2\/media\/10791"}],"wp:attachment":[{"href":"https:\/\/www.lodelmomentoloja.com\/index.php?rest_route=%2Fwp%2Fv2%2Fmedia&parent=10790"}],"wp:term":[{"taxonomy":"category","embeddable":true,"href":"https:\/\/www.lodelmomentoloja.com\/index.php?rest_route=%2Fwp%2Fv2%2Fcategories&post=10790"},{"taxonomy":"post_tag","embeddable":true,"href":"https:\/\/www.lodelmomentoloja.com\/index.php?rest_route=%2Fwp%2Fv2%2Ftags&post=10790"}],"curies":[{"name":"wp","href":"https:\/\/api.w.org\/{rel}","templated":true}]}}