{"id":10775,"date":"2022-08-18T09:41:35","date_gmt":"2022-08-18T09:41:35","guid":{"rendered":"https:\/\/www.lodelmomentoloja.com\/?p=10775"},"modified":"2022-08-18T14:42:45","modified_gmt":"2022-08-18T14:42:45","slug":"ufc-en-ecuador","status":"publish","type":"post","link":"https:\/\/www.lodelmomentoloja.com\/?p=10775","title":{"rendered":"&#8220;UFC en Ecuador&#8221;"},"content":{"rendered":"<p>#Internacional | Dana White fue consultado sobre la opci\u00f3n de realizar una cartelera de UFC en Ecuador. Sin dudarlo, el directivo de la empresa de artes marciales mixtas dijo que est\u00e1n en condiciones de realizar eventos en cualquier lugar del mundo y que de llegar al pa\u00eds ser\u00eda con el manabita Marlon &#8216;Chito&#8217; Vera.<\/p>\n<p>Ecuador ha ganado notoriedad en la UFC con la presencia de Marlon Vera y ahora tambi\u00e9n de Michael Morales. A ellos, incluso se suma la imagen de la campeona Carla Esparza, de ra\u00edces ecuatorianas y otras promesas del deporte que ya est\u00e1n en el radar de la empresa.<\/p>\n<p>\u201cPodemos hacer un show en cualquier parte del mundo y podr\u00edamos ir a Ecuador. Si vamos, de seguro ser\u00eda con &#8216;Chito&#8217; Vera\u201d, fue la respuesta de White durante una conferencia de prensa posterior a las peleas del Dana White&#8217;s Contender Series en la noche del 16 de agosto del 2022.<\/p>\n<p>Fuente: Comercio Ec<\/p>\n<p>www.lodelmomentoloja.com<br \/>\n#LDMnoticias #lodelmomentolojaLDM<\/p>\n","protected":false},"excerpt":{"rendered":"<p>#Internacional | Dana White fue consultado sobre la opci\u00f3n de realizar una cartelera de UFC&#8230;<\/p>\n","protected":false},"author":1,"featured_media":10776,"comment_status":"open","ping_status":"open","sticky":false,"template":"","format":"standard","meta":{"footnotes":""},"categories":[7,1],"tags":[],"class_list":["post-10775","post","type-post","status-publish","format-standard","has-post-thumbnail","hentry","category-ecuador","category-inicio"],"_links":{"self":[{"href":"https:\/\/www.lodelmomentoloja.com\/index.php?rest_route=\/wp\/v2\/posts\/10775"}],"collection":[{"href":"https:\/\/www.lodelmomentoloja.com\/index.php?rest_route=\/wp\/v2\/posts"}],"about":[{"href":"https:\/\/www.lodelmomentoloja.com\/index.php?rest_route=\/wp\/v2\/types\/post"}],"author":[{"embeddable":true,"href":"https:\/\/www.lodelmomentoloja.com\/index.php?rest_route=\/wp\/v2\/users\/1"}],"replies":[{"embeddable":true,"href":"https:\/\/www.lodelmomentoloja.com\/index.php?rest_route=%2Fwp%2Fv2%2Fcomments&post=10775"}],"version-history":[{"count":1,"href":"https:\/\/www.lodelmomentoloja.com\/index.php?rest_route=\/wp\/v2\/posts\/10775\/revisions"}],"predecessor-version":[{"id":10777,"href":"https:\/\/www.lodelmomentoloja.com\/index.php?rest_route=\/wp\/v2\/posts\/10775\/revisions\/10777"}],"wp:featuredmedia":[{"embeddable":true,"href":"https:\/\/www.lodelmomentoloja.com\/index.php?rest_route=\/wp\/v2\/media\/10776"}],"wp:attachment":[{"href":"https:\/\/www.lodelmomentoloja.com\/index.php?rest_route=%2Fwp%2Fv2%2Fmedia&parent=10775"}],"wp:term":[{"taxonomy":"category","embeddable":true,"href":"https:\/\/www.lodelmomentoloja.com\/index.php?rest_route=%2Fwp%2Fv2%2Fcategories&post=10775"},{"taxonomy":"post_tag","embeddable":true,"href":"https:\/\/www.lodelmomentoloja.com\/index.php?rest_route=%2Fwp%2Fv2%2Ftags&post=10775"}],"curies":[{"name":"wp","href":"https:\/\/api.w.org\/{rel}","templated":true}]}}