{"id":10750,"date":"2022-08-16T16:30:09","date_gmt":"2022-08-16T16:30:09","guid":{"rendered":"https:\/\/www.lodelmomentoloja.com\/?p=10750"},"modified":"2022-08-16T22:05:25","modified_gmt":"2022-08-16T22:05:25","slug":"culpan-a-rafael-davila-de-maniobrar-politicamente-a-favor-de-mario-mancino","status":"publish","type":"post","link":"https:\/\/www.lodelmomentoloja.com\/?p=10750","title":{"rendered":"Culpan a Rafael D\u00e1vila de maniobrar pol\u00edticamente a favor de Mario Mancino"},"content":{"rendered":"<p>#Loja | Vicente Flores, militante del movimiento CREO, coment\u00f3 que el Director de este partido y actual Prefecto de la Provincia de Loja (Rafael D\u00e1vila), estar\u00eda maniobrado pol\u00edticamente con el supuesto fin de que el exgobernador, sea su sucesor en el gobierno provincial.<\/p>\n<p>&nbsp;<\/p>\n<p><iframe loading=\"lazy\" title=\"D\u00e1vila nuevamente se ve involucrado en temas de malas pr\u00e1cticas pol\u00edticas 2022| LO DEL MOMENTO LOJA\" width=\"640\" height=\"360\" src=\"https:\/\/www.youtube.com\/embed\/tgGg5f7mDak?feature=oembed\" frameborder=\"0\" allow=\"accelerometer; autoplay; clipboard-write; encrypted-media; gyroscope; picture-in-picture; web-share\" referrerpolicy=\"strict-origin-when-cross-origin\" allowfullscreen><\/iframe><\/p>\n<p>www.lodelmomentoloja.com<br \/>\n#LDMnoticias #lodelmomentolojaLDM<\/p>\n","protected":false},"excerpt":{"rendered":"<p>#Loja | Vicente Flores, militante del movimiento CREO, coment\u00f3 que el Director de este partido&#8230;<\/p>\n","protected":false},"author":1,"featured_media":10751,"comment_status":"open","ping_status":"open","sticky":false,"template":"","format":"standard","meta":{"footnotes":""},"categories":[1,5],"tags":[],"class_list":["post-10750","post","type-post","status-publish","format-standard","has-post-thumbnail","hentry","category-inicio","category-loja"],"_links":{"self":[{"href":"https:\/\/www.lodelmomentoloja.com\/index.php?rest_route=\/wp\/v2\/posts\/10750"}],"collection":[{"href":"https:\/\/www.lodelmomentoloja.com\/index.php?rest_route=\/wp\/v2\/posts"}],"about":[{"href":"https:\/\/www.lodelmomentoloja.com\/index.php?rest_route=\/wp\/v2\/types\/post"}],"author":[{"embeddable":true,"href":"https:\/\/www.lodelmomentoloja.com\/index.php?rest_route=\/wp\/v2\/users\/1"}],"replies":[{"embeddable":true,"href":"https:\/\/www.lodelmomentoloja.com\/index.php?rest_route=%2Fwp%2Fv2%2Fcomments&post=10750"}],"version-history":[{"count":1,"href":"https:\/\/www.lodelmomentoloja.com\/index.php?rest_route=\/wp\/v2\/posts\/10750\/revisions"}],"predecessor-version":[{"id":10752,"href":"https:\/\/www.lodelmomentoloja.com\/index.php?rest_route=\/wp\/v2\/posts\/10750\/revisions\/10752"}],"wp:featuredmedia":[{"embeddable":true,"href":"https:\/\/www.lodelmomentoloja.com\/index.php?rest_route=\/wp\/v2\/media\/10751"}],"wp:attachment":[{"href":"https:\/\/www.lodelmomentoloja.com\/index.php?rest_route=%2Fwp%2Fv2%2Fmedia&parent=10750"}],"wp:term":[{"taxonomy":"category","embeddable":true,"href":"https:\/\/www.lodelmomentoloja.com\/index.php?rest_route=%2Fwp%2Fv2%2Fcategories&post=10750"},{"taxonomy":"post_tag","embeddable":true,"href":"https:\/\/www.lodelmomentoloja.com\/index.php?rest_route=%2Fwp%2Fv2%2Ftags&post=10750"}],"curies":[{"name":"wp","href":"https:\/\/api.w.org\/{rel}","templated":true}]}}