{"id":10736,"date":"2022-08-16T09:00:23","date_gmt":"2022-08-16T09:00:23","guid":{"rendered":"https:\/\/www.lodelmomentoloja.com\/?p=10736"},"modified":"2022-08-16T14:31:18","modified_gmt":"2022-08-16T14:31:18","slug":"lauro-guerrero-de-paltas-recibe-via-asfaltada","status":"publish","type":"post","link":"https:\/\/www.lodelmomentoloja.com\/?p=10736","title":{"rendered":"Lauro Guerrero de Paltas recibe v\u00eda asfaltada"},"content":{"rendered":"<p>Este fin de semana la Prefectura de Loja entreg\u00f3 el asfaltado de la v\u00eda El Carmelo \u2013 Lauro Guerrero en el cant\u00f3n Paltas, 9 kil\u00f3metros que benefician a m\u00e1s de 2.800 personas.<\/p>\n<p>&nbsp;<\/p>\n<p>Elio Ram\u00edrez, presidente del GAD Parroquial de Lauro Guerrero, destac\u00f3 el trabajo realizado en beneficio de la provincia, \u201chablar de vialidad es hablar de desarrollo, de progreso\u2026 la obra est\u00e1 al servicio de Lauro Guerrero, porque de hecho la vialidad no es solamente transportar productos sino que representa mucho m\u00e1s, en el tema turismo, salud y educaci\u00f3n\u201d, al finalizar de su intervenci\u00f3n agradeci\u00f3 al prefecto Rafael D\u00e1vila y a la viceprefecta Mar\u00eda Jos\u00e9 Coronel por la labor ejecutada en beneficio de este sector.<\/p>\n<p>&nbsp;<\/p>\n<p>Durante su intervenci\u00f3n Jorge Luis Feijo\u00f3, alcalde de Paltas destac\u00f3 el apoyo que ha recibido el cant\u00f3n con el asfaltado de las v\u00edas Playas \u2013 Yamana \u2013 El Carmelo, Panamericana \u2013 Casanga y El Carmelo \u2013 Lauro Guerrero.<\/p>\n<p>&nbsp;<\/p>\n<p>El prefecto Rafael D\u00e1vila, indic\u00f3 que es su \u201cdeber y obligaci\u00f3n como autoridad\u201d cumplir con este trabajo, \u201cun homenaje a los campesinos, como una forma de decirles gracias por esa vida de sacrificio, gracias por esa vida de esfuerzos, a ustedes a los que viven en las zonas rurales es a quienes a trav\u00e9s de esta instituci\u00f3n estamos sirviendo, a quienes nos sirven con su esfuerzo todos los d\u00edas, los agricultores, los campesinos, los ganaderos de Loja\u2026 La Prefectura est\u00e1 para trabajar por y para las zonas rurales\u201d, destac\u00f3.<\/p>\n<p><img loading=\"lazy\" decoding=\"async\" class=\"alignnone wp-image-10737 size-large\" src=\"http:\/\/www.lodelmomentoloja.com\/wp-content\/uploads\/2022\/08\/gtfrdeswqa-1024x556.jpg\" alt=\"\" width=\"640\" height=\"348\" srcset=\"https:\/\/www.lodelmomentoloja.com\/wp-content\/uploads\/2022\/08\/gtfrdeswqa-1024x556.jpg 1024w, https:\/\/www.lodelmomentoloja.com\/wp-content\/uploads\/2022\/08\/gtfrdeswqa-300x163.jpg 300w, https:\/\/www.lodelmomentoloja.com\/wp-content\/uploads\/2022\/08\/gtfrdeswqa-768x417.jpg 768w, https:\/\/www.lodelmomentoloja.com\/wp-content\/uploads\/2022\/08\/gtfrdeswqa-640x348.jpg 640w, https:\/\/www.lodelmomentoloja.com\/wp-content\/uploads\/2022\/08\/gtfrdeswqa.jpg 1280w\" sizes=\"(max-width: 640px) 100vw, 640px\" \/><\/p>\n<p>La estructura de la v\u00eda est\u00e1 compuesta por mejoramiento, subbase, base estabilizada con emulsi\u00f3n y micropavimento, de igual forma se construyeron muros de gaviones, hormig\u00f3n cicl\u00f3peo y armado; dentro de las obras hidrosanitarias se contemplaron las acometidas de agua potable, alcantarillado, red de agua potable que va por la v\u00eda y canal recolector de aguas en el acceso a la f\u00e1brica de horchatas; alcantarillas y subdrenes.<\/p>\n<p>&nbsp;<\/p>\n<p>El asfaltado contempl\u00f3 los accesos al Barrio Jatumpamba, Unidad Educativa Lauro Guerrero, Centro de Salud y F\u00e1brica de Horchatas La Laure\u00f1ita.<\/p>\n<p>&nbsp;<\/p>\n<p><em>S\u00edguenos #LDMnoticias \u00f3 #lodelmomentolojaLDM<\/em><\/p>\n","protected":false},"excerpt":{"rendered":"<p>Este fin de semana la Prefectura de Loja entreg\u00f3 el asfaltado de la v\u00eda El&#8230;<\/p>\n","protected":false},"author":1,"featured_media":10739,"comment_status":"open","ping_status":"open","sticky":false,"template":"","format":"standard","meta":{"footnotes":""},"categories":[1,5],"tags":[],"class_list":["post-10736","post","type-post","status-publish","format-standard","has-post-thumbnail","hentry","category-inicio","category-loja"],"_links":{"self":[{"href":"https:\/\/www.lodelmomentoloja.com\/index.php?rest_route=\/wp\/v2\/posts\/10736"}],"collection":[{"href":"https:\/\/www.lodelmomentoloja.com\/index.php?rest_route=\/wp\/v2\/posts"}],"about":[{"href":"https:\/\/www.lodelmomentoloja.com\/index.php?rest_route=\/wp\/v2\/types\/post"}],"author":[{"embeddable":true,"href":"https:\/\/www.lodelmomentoloja.com\/index.php?rest_route=\/wp\/v2\/users\/1"}],"replies":[{"embeddable":true,"href":"https:\/\/www.lodelmomentoloja.com\/index.php?rest_route=%2Fwp%2Fv2%2Fcomments&post=10736"}],"version-history":[{"count":1,"href":"https:\/\/www.lodelmomentoloja.com\/index.php?rest_route=\/wp\/v2\/posts\/10736\/revisions"}],"predecessor-version":[{"id":10738,"href":"https:\/\/www.lodelmomentoloja.com\/index.php?rest_route=\/wp\/v2\/posts\/10736\/revisions\/10738"}],"wp:featuredmedia":[{"embeddable":true,"href":"https:\/\/www.lodelmomentoloja.com\/index.php?rest_route=\/wp\/v2\/media\/10739"}],"wp:attachment":[{"href":"https:\/\/www.lodelmomentoloja.com\/index.php?rest_route=%2Fwp%2Fv2%2Fmedia&parent=10736"}],"wp:term":[{"taxonomy":"category","embeddable":true,"href":"https:\/\/www.lodelmomentoloja.com\/index.php?rest_route=%2Fwp%2Fv2%2Fcategories&post=10736"},{"taxonomy":"post_tag","embeddable":true,"href":"https:\/\/www.lodelmomentoloja.com\/index.php?rest_route=%2Fwp%2Fv2%2Ftags&post=10736"}],"curies":[{"name":"wp","href":"https:\/\/api.w.org\/{rel}","templated":true}]}}