{"id":10701,"date":"2022-08-12T09:30:27","date_gmt":"2022-08-12T09:30:27","guid":{"rendered":"https:\/\/www.lodelmomentoloja.com\/?p=10701"},"modified":"2022-08-12T14:41:56","modified_gmt":"2022-08-12T14:41:56","slug":"etica-y-civica-se-impartiran-en-colegios-de-ecuador","status":"publish","type":"post","link":"https:\/\/www.lodelmomentoloja.com\/?p=10701","title":{"rendered":"\u00c9tica y c\u00edvica se impartir\u00e1n en colegios de Ecuador"},"content":{"rendered":"<p>#Ecuador | C\u00edvica, ciudadan\u00eda y \u00e9tica se impartir\u00e1n en las clases de las instituciones educativas del pa\u00eds. El Ministerio de Educaci\u00f3n aclaro que no se tratar\u00eda de una nueva asignatura.<\/p>\n<p>Se tratar\u00eda que las tem\u00e1ticas se incluir\u00e1n de forma transversal en los planes de estudio de distintas materias en los planteles del pa\u00eds.<\/p>\n<p>Andr\u00e9s Ruiz, subsecretario de Fundamentos Educativos, detall\u00f3 que no se trata de a\u00f1adir m\u00e1s carga al curr\u00edculo. Se van a trabajar de forma transversal, dada la flexibilidad del curr\u00edculo nacional, se\u00f1al\u00f3. Esto permite que los docentes y las instituciones educativas puedan tratar temas de inter\u00e9s social como la \u00e9tica y el fortalecimiento de los valores para combatir la corrupci\u00f3n, explic\u00f3.<\/p>\n<p>Ruiz dijo que hay un proyecto a largo plazo de capacitar a los docentes. Para eso, se\u00f1al\u00f3 que se encuentran en conversaciones con organismos internacionales y planificando a futuro esas acciones. Sin embargo, mencion\u00f3 que la idea es que cada instituci\u00f3n contextualice estos temas a su propia realidad.<\/p>\n<p>&#8220;No es que vengan temas hechos de la autoridad educativa nacional para que se replique, sin una pertinencia cultural. La idea es crear proyectos integrales&#8221;.<\/p>\n<p>Fuente: Radio Din\u00e1mica.<\/p>\n<p>S\u00edguenos en #LDMnoticias \u00f3 en #lodelmomentolojaLDM<\/p>\n","protected":false},"excerpt":{"rendered":"<p>#Ecuador | C\u00edvica, ciudadan\u00eda y \u00e9tica se impartir\u00e1n en las clases de las instituciones educativas&#8230;<\/p>\n","protected":false},"author":1,"featured_media":10702,"comment_status":"open","ping_status":"open","sticky":false,"template":"","format":"standard","meta":{"footnotes":""},"categories":[7,1],"tags":[],"class_list":["post-10701","post","type-post","status-publish","format-standard","has-post-thumbnail","hentry","category-ecuador","category-inicio"],"_links":{"self":[{"href":"https:\/\/www.lodelmomentoloja.com\/index.php?rest_route=\/wp\/v2\/posts\/10701"}],"collection":[{"href":"https:\/\/www.lodelmomentoloja.com\/index.php?rest_route=\/wp\/v2\/posts"}],"about":[{"href":"https:\/\/www.lodelmomentoloja.com\/index.php?rest_route=\/wp\/v2\/types\/post"}],"author":[{"embeddable":true,"href":"https:\/\/www.lodelmomentoloja.com\/index.php?rest_route=\/wp\/v2\/users\/1"}],"replies":[{"embeddable":true,"href":"https:\/\/www.lodelmomentoloja.com\/index.php?rest_route=%2Fwp%2Fv2%2Fcomments&post=10701"}],"version-history":[{"count":1,"href":"https:\/\/www.lodelmomentoloja.com\/index.php?rest_route=\/wp\/v2\/posts\/10701\/revisions"}],"predecessor-version":[{"id":10703,"href":"https:\/\/www.lodelmomentoloja.com\/index.php?rest_route=\/wp\/v2\/posts\/10701\/revisions\/10703"}],"wp:featuredmedia":[{"embeddable":true,"href":"https:\/\/www.lodelmomentoloja.com\/index.php?rest_route=\/wp\/v2\/media\/10702"}],"wp:attachment":[{"href":"https:\/\/www.lodelmomentoloja.com\/index.php?rest_route=%2Fwp%2Fv2%2Fmedia&parent=10701"}],"wp:term":[{"taxonomy":"category","embeddable":true,"href":"https:\/\/www.lodelmomentoloja.com\/index.php?rest_route=%2Fwp%2Fv2%2Fcategories&post=10701"},{"taxonomy":"post_tag","embeddable":true,"href":"https:\/\/www.lodelmomentoloja.com\/index.php?rest_route=%2Fwp%2Fv2%2Ftags&post=10701"}],"curies":[{"name":"wp","href":"https:\/\/api.w.org\/{rel}","templated":true}]}}