{"id":10689,"date":"2022-08-11T16:40:10","date_gmt":"2022-08-11T16:40:10","guid":{"rendered":"https:\/\/www.lodelmomentoloja.com\/?p=10689"},"modified":"2022-08-11T21:41:58","modified_gmt":"2022-08-11T21:41:58","slug":"maximo-regresa-para-combatir-la-desnutricion-infantil","status":"publish","type":"post","link":"https:\/\/www.lodelmomentoloja.com\/?p=10689","title":{"rendered":"M\u00e1ximo regresa, para combatir la desnutrici\u00f3n infantil"},"content":{"rendered":"<p>M\u00e1ximo, el tuc\u00e1n que se convirti\u00f3 en un referente de los derechos de la ni\u00f1ez en los a\u00f1os 90 en el Ecuador, regresa para unirse a la lucha contra la desnutrici\u00f3n cr\u00f3nica infantil, una condici\u00f3n que afecta el bienestar, crecimiento y desarrollo de los ni\u00f1os y ni\u00f1as, y que constituye uno de los principales problemas de salud p\u00fablica del pa\u00eds.<\/p>\n<p>Ecuador es el segundo Estado latinoamericano con mayor proporci\u00f3n de desnutrici\u00f3n cr\u00f3nica. En el pa\u00eds, este mal afecta a 1 de cada 3 ni\u00f1os menores de 2 a\u00f1os. La situaci\u00f3n es a\u00fan m\u00e1s preocupante en el \u00e1rea rural y en la poblaci\u00f3n ind\u00edgena: en este \u00faltimo grupo poblacional, 4 de cada 10 ni\u00f1os sufre desnutrici\u00f3n cr\u00f3nica. Y, a pesar de los esfuerzos realizados en los \u00faltimos 15 a\u00f1os para prevenir esta condici\u00f3n, los resultados han sido extremadamente modestos.<\/p>\n<p>&nbsp;<\/p>\n<p>www.lodelmomentoloja.com<\/p>\n<p>#LDMnoticias #lodelmomentolojaLDM<\/p>\n","protected":false},"excerpt":{"rendered":"<p>M\u00e1ximo, el tuc\u00e1n que se convirti\u00f3 en un referente de los derechos de la ni\u00f1ez&#8230;<\/p>\n","protected":false},"author":1,"featured_media":10690,"comment_status":"open","ping_status":"open","sticky":false,"template":"","format":"standard","meta":{"footnotes":""},"categories":[7,1],"tags":[],"class_list":["post-10689","post","type-post","status-publish","format-standard","has-post-thumbnail","hentry","category-ecuador","category-inicio"],"_links":{"self":[{"href":"https:\/\/www.lodelmomentoloja.com\/index.php?rest_route=\/wp\/v2\/posts\/10689"}],"collection":[{"href":"https:\/\/www.lodelmomentoloja.com\/index.php?rest_route=\/wp\/v2\/posts"}],"about":[{"href":"https:\/\/www.lodelmomentoloja.com\/index.php?rest_route=\/wp\/v2\/types\/post"}],"author":[{"embeddable":true,"href":"https:\/\/www.lodelmomentoloja.com\/index.php?rest_route=\/wp\/v2\/users\/1"}],"replies":[{"embeddable":true,"href":"https:\/\/www.lodelmomentoloja.com\/index.php?rest_route=%2Fwp%2Fv2%2Fcomments&post=10689"}],"version-history":[{"count":1,"href":"https:\/\/www.lodelmomentoloja.com\/index.php?rest_route=\/wp\/v2\/posts\/10689\/revisions"}],"predecessor-version":[{"id":10691,"href":"https:\/\/www.lodelmomentoloja.com\/index.php?rest_route=\/wp\/v2\/posts\/10689\/revisions\/10691"}],"wp:featuredmedia":[{"embeddable":true,"href":"https:\/\/www.lodelmomentoloja.com\/index.php?rest_route=\/wp\/v2\/media\/10690"}],"wp:attachment":[{"href":"https:\/\/www.lodelmomentoloja.com\/index.php?rest_route=%2Fwp%2Fv2%2Fmedia&parent=10689"}],"wp:term":[{"taxonomy":"category","embeddable":true,"href":"https:\/\/www.lodelmomentoloja.com\/index.php?rest_route=%2Fwp%2Fv2%2Fcategories&post=10689"},{"taxonomy":"post_tag","embeddable":true,"href":"https:\/\/www.lodelmomentoloja.com\/index.php?rest_route=%2Fwp%2Fv2%2Ftags&post=10689"}],"curies":[{"name":"wp","href":"https:\/\/api.w.org\/{rel}","templated":true}]}}