{"id":10672,"date":"2022-08-10T11:59:20","date_gmt":"2022-08-10T11:59:20","guid":{"rendered":"https:\/\/www.lodelmomentoloja.com\/?p=10672"},"modified":"2022-08-10T18:12:14","modified_gmt":"2022-08-10T18:12:14","slug":"10-de-agosto-se-celebra-el-primer-grito-de-independencia","status":"publish","type":"post","link":"https:\/\/www.lodelmomentoloja.com\/?p=10672","title":{"rendered":"10 de agosto se celebra el primer grito de independencia."},"content":{"rendered":"<p><strong>Hoy mi\u00e9rcoles 10 de agosto del 2022 se cumple 213 a\u00f1os desde que el Ecuador<\/strong> paso a ser un pa\u00eds libre, soberano e independiente, esto se consigui\u00f3 con el \u201cPrimer Grito de Independencia\u201d que marcar\u00eda a Quito como la \u201cLuz de Am\u00e9rica\u201d por ser seg\u00fan algunos historiadores el primer levantamiento independentista.<\/p>\n<p>Los sucesos del d\u00eda 10 de agosto 1809, son la fecha trascendental que marco el inicio del proceso de independencia del Ecuador, fue la llamarada que motivo a otros patriotas a tomar la posta y luchar por sus derechos y por ser un pa\u00eds libre.<\/p>\n<p>Cuenta la historia que los ind\u00edgenas estaban en contra de la corona y hab\u00edan sembrado una idea esperanzadora de la liberaci\u00f3n de las colonias.<\/p>\n<p>La noche del 09 de agosto de 1809, un grupo de personas integrantes de la sociedad criolla de Quito, se reuni\u00f3 en la casa de Manuela Ca\u00f1izares para definir una estrategia, con la presencia de muchos intelectuales, criollos y marqueses de la \u00e9poca. Fue la consolidaci\u00f3n del proceso para desligarse de Espa\u00f1a frente al desgastado gobierno colonial.<\/p>\n<p>Juan de Dios Morales, Manuel Quiroga, Juan Salinas, Juan Pablo Arenas, Pedro Mont\u00fafar (hermano de Juan P\u00edo), Jos\u00e9 Riofr\u00edo, Antonio Ante, Francisco Javier Asc\u00e1zubi, Jos\u00e9 Correa, Nicol\u00e1s V\u00e9lez, fueron algunos de los asistentes que, cansados de ser desplazados del poder pol\u00edtico, se movilizaron para crear una Junta Suprema que organizar\u00eda un nuevo gobierno. Aquella madrugada, ante la desmotivaci\u00f3n de algunos de los presentes, Manuela les increp\u00f3 con una frase \u201c\u00a1Cobardes \u2026\u2026Hombres nacidos para la servidumbre \u00bfde que ten\u00e9is miedo? \u00a1No hay tiempo que perder!<\/p>\n<p>Junto a ello se conform\u00f3 la Junta Soberana de Gobierno, que tuvo como autoridades principales al Marqu\u00e9s de Selva Alegre, Juan P\u00edo Mont\u00fafar, y al obispo Jos\u00e9 Cuero y Caicedo, como presidente y vicepresidente respectivamente.<\/p>\n<p>En una junta libertaria conformada por criollos quite\u00f1os formaron un acta donde se declaraba que ecuador dejaba de pertenecer a la corona espa\u00f1ola.<\/p>\n<p>La muerte de los pr\u00f3ceres y su intento fallido de independencia inspir\u00f3 la creaci\u00f3n de una segunda Junta Superior de Gobierno, m\u00e1s radical y que incluy\u00f3 la participaci\u00f3n de los sectores populares de Quito, protagonistas del movimiento en respuesta al asesinato del 2 de agosto. El 11 de diciembre de 1810, este grupo elabor\u00f3 la declaratoria de independencia de Espa\u00f1a y en 1812 redact\u00f3 la constituci\u00f3n del Estado de Ecuador.<\/p>\n<p>&nbsp;<\/p>\n<p><em>S\u00edguenos #LDMnoticias \u00f3 #lodelmomentolojaLDM<\/em><\/p>\n","protected":false},"excerpt":{"rendered":"<p>Hoy mi\u00e9rcoles 10 de agosto del 2022 se cumple 213 a\u00f1os desde que el Ecuador&#8230;<\/p>\n","protected":false},"author":1,"featured_media":10674,"comment_status":"open","ping_status":"open","sticky":false,"template":"","format":"standard","meta":{"footnotes":""},"categories":[7,1,5],"tags":[],"class_list":["post-10672","post","type-post","status-publish","format-standard","has-post-thumbnail","hentry","category-ecuador","category-inicio","category-loja"],"_links":{"self":[{"href":"https:\/\/www.lodelmomentoloja.com\/index.php?rest_route=\/wp\/v2\/posts\/10672"}],"collection":[{"href":"https:\/\/www.lodelmomentoloja.com\/index.php?rest_route=\/wp\/v2\/posts"}],"about":[{"href":"https:\/\/www.lodelmomentoloja.com\/index.php?rest_route=\/wp\/v2\/types\/post"}],"author":[{"embeddable":true,"href":"https:\/\/www.lodelmomentoloja.com\/index.php?rest_route=\/wp\/v2\/users\/1"}],"replies":[{"embeddable":true,"href":"https:\/\/www.lodelmomentoloja.com\/index.php?rest_route=%2Fwp%2Fv2%2Fcomments&post=10672"}],"version-history":[{"count":1,"href":"https:\/\/www.lodelmomentoloja.com\/index.php?rest_route=\/wp\/v2\/posts\/10672\/revisions"}],"predecessor-version":[{"id":10673,"href":"https:\/\/www.lodelmomentoloja.com\/index.php?rest_route=\/wp\/v2\/posts\/10672\/revisions\/10673"}],"wp:featuredmedia":[{"embeddable":true,"href":"https:\/\/www.lodelmomentoloja.com\/index.php?rest_route=\/wp\/v2\/media\/10674"}],"wp:attachment":[{"href":"https:\/\/www.lodelmomentoloja.com\/index.php?rest_route=%2Fwp%2Fv2%2Fmedia&parent=10672"}],"wp:term":[{"taxonomy":"category","embeddable":true,"href":"https:\/\/www.lodelmomentoloja.com\/index.php?rest_route=%2Fwp%2Fv2%2Fcategories&post=10672"},{"taxonomy":"post_tag","embeddable":true,"href":"https:\/\/www.lodelmomentoloja.com\/index.php?rest_route=%2Fwp%2Fv2%2Ftags&post=10672"}],"curies":[{"name":"wp","href":"https:\/\/api.w.org\/{rel}","templated":true}]}}