{"id":10634,"date":"2022-08-09T09:30:45","date_gmt":"2022-08-09T09:30:45","guid":{"rendered":"https:\/\/www.lodelmomentoloja.com\/?p=10634"},"modified":"2022-08-09T14:31:49","modified_gmt":"2022-08-09T14:31:49","slug":"glas-y-salcedo-saldran-de-prision","status":"publish","type":"post","link":"https:\/\/www.lodelmomentoloja.com\/?p=10634","title":{"rendered":"Glas y Salcedo saldr\u00e1n de prisi\u00f3n"},"content":{"rendered":"<p>#Ecuador | El juez ponente de Portoviejo Banny Molina Barrezueta declar\u00f3 la vulneraci\u00f3n del derecho a la salud del exvicepresidente Jorge Glas y de Daniel Salcedo, ambos sentenciados por peculado, aceptando un habeas corpus y disponiendo su libertad inmediata.En la resoluci\u00f3n se le concede el habeas corpus a Christian Araujo Salgado, y en el mismo acto judicial, la decisi\u00f3n se hizo extensiva a Glas y a Salcedo.<\/p>\n<p>La sentencia detalla que en el proceso se justificaron &#8220;los padecimientos de salud&#8221; de Glas y de Salcedo, y que estos &#8220;no han sido atendidos de forma especializada e integral&#8221;.<\/p>\n<p>www.lodelmomentoloja.com<br \/>\n#LDMnoticias #lodelmomentolojaLDM<\/p>\n","protected":false},"excerpt":{"rendered":"<p>#Ecuador | El juez ponente de Portoviejo Banny Molina Barrezueta declar\u00f3 la vulneraci\u00f3n del derecho&#8230;<\/p>\n","protected":false},"author":1,"featured_media":10635,"comment_status":"open","ping_status":"open","sticky":false,"template":"","format":"standard","meta":{"footnotes":""},"categories":[7,1],"tags":[],"class_list":["post-10634","post","type-post","status-publish","format-standard","has-post-thumbnail","hentry","category-ecuador","category-inicio"],"_links":{"self":[{"href":"https:\/\/www.lodelmomentoloja.com\/index.php?rest_route=\/wp\/v2\/posts\/10634"}],"collection":[{"href":"https:\/\/www.lodelmomentoloja.com\/index.php?rest_route=\/wp\/v2\/posts"}],"about":[{"href":"https:\/\/www.lodelmomentoloja.com\/index.php?rest_route=\/wp\/v2\/types\/post"}],"author":[{"embeddable":true,"href":"https:\/\/www.lodelmomentoloja.com\/index.php?rest_route=\/wp\/v2\/users\/1"}],"replies":[{"embeddable":true,"href":"https:\/\/www.lodelmomentoloja.com\/index.php?rest_route=%2Fwp%2Fv2%2Fcomments&post=10634"}],"version-history":[{"count":1,"href":"https:\/\/www.lodelmomentoloja.com\/index.php?rest_route=\/wp\/v2\/posts\/10634\/revisions"}],"predecessor-version":[{"id":10636,"href":"https:\/\/www.lodelmomentoloja.com\/index.php?rest_route=\/wp\/v2\/posts\/10634\/revisions\/10636"}],"wp:featuredmedia":[{"embeddable":true,"href":"https:\/\/www.lodelmomentoloja.com\/index.php?rest_route=\/wp\/v2\/media\/10635"}],"wp:attachment":[{"href":"https:\/\/www.lodelmomentoloja.com\/index.php?rest_route=%2Fwp%2Fv2%2Fmedia&parent=10634"}],"wp:term":[{"taxonomy":"category","embeddable":true,"href":"https:\/\/www.lodelmomentoloja.com\/index.php?rest_route=%2Fwp%2Fv2%2Fcategories&post=10634"},{"taxonomy":"post_tag","embeddable":true,"href":"https:\/\/www.lodelmomentoloja.com\/index.php?rest_route=%2Fwp%2Fv2%2Ftags&post=10634"}],"curies":[{"name":"wp","href":"https:\/\/api.w.org\/{rel}","templated":true}]}}