{"id":10618,"date":"2022-08-08T11:47:52","date_gmt":"2022-08-08T11:47:52","guid":{"rendered":"https:\/\/www.lodelmomentoloja.com\/?p=10618"},"modified":"2022-08-08T16:48:45","modified_gmt":"2022-08-08T16:48:45","slug":"menos-conciertos-en-la-feria-de-loja-m-edicion-193","status":"publish","type":"post","link":"https:\/\/www.lodelmomentoloja.com\/?p=10618","title":{"rendered":"Menos conciertos en la Feria de Loja m, edici\u00f3n 193"},"content":{"rendered":"<p>La corporaci\u00f3n de ferias de Loja, tras varias reuniones con organismos de control y mesa t\u00e9cnica de salud, ha resuelto bajar el n\u00famero de conciertos en la 193 feria de Loja, esto con el fin de controlar las aglomeraciones ante el aumento de casos de Covid-19 que se han registrado en los \u00faltimos meses en la ciudad; por ello, se ha determinado que de 9 presentaciones que inicialmente se anunci\u00f3 que ahora solo se dar\u00e1n 6 espect\u00e1culos art\u00edsticos, dos menos que el a\u00f1o anterior.<\/p>\n<p>Dos de ellos se van a llevar a cabo en el Teatro Nacional Benjam\u00edn Carri\u00f3n, y 4 en la explanada del complejo ferial Sim\u00f3n Bol\u00edvar, seg\u00fan lo inform\u00f3 Patricia Morocho, Coordinadora General la corporaci\u00f3n de ferias de Loja.<\/p>\n<p>Adem\u00e1s, la pr\u00f3xima semana se anunciar\u00e1n artistas nacionales y un grupo internacional que ya ha confirmado su presencia, por otra parte, se contar\u00e1 con aproximadamente 200 artistas locales en escena.<\/p>\n<p>S\u00edguenos #LDMnoticias \u00f3 #lodelmomentolojaLDM<\/p>\n","protected":false},"excerpt":{"rendered":"<p>La corporaci\u00f3n de ferias de Loja, tras varias reuniones con organismos de control y mesa&#8230;<\/p>\n","protected":false},"author":1,"featured_media":10613,"comment_status":"open","ping_status":"open","sticky":false,"template":"","format":"standard","meta":{"footnotes":""},"categories":[1,5],"tags":[],"class_list":["post-10618","post","type-post","status-publish","format-standard","has-post-thumbnail","hentry","category-inicio","category-loja"],"_links":{"self":[{"href":"https:\/\/www.lodelmomentoloja.com\/index.php?rest_route=\/wp\/v2\/posts\/10618"}],"collection":[{"href":"https:\/\/www.lodelmomentoloja.com\/index.php?rest_route=\/wp\/v2\/posts"}],"about":[{"href":"https:\/\/www.lodelmomentoloja.com\/index.php?rest_route=\/wp\/v2\/types\/post"}],"author":[{"embeddable":true,"href":"https:\/\/www.lodelmomentoloja.com\/index.php?rest_route=\/wp\/v2\/users\/1"}],"replies":[{"embeddable":true,"href":"https:\/\/www.lodelmomentoloja.com\/index.php?rest_route=%2Fwp%2Fv2%2Fcomments&post=10618"}],"version-history":[{"count":1,"href":"https:\/\/www.lodelmomentoloja.com\/index.php?rest_route=\/wp\/v2\/posts\/10618\/revisions"}],"predecessor-version":[{"id":10619,"href":"https:\/\/www.lodelmomentoloja.com\/index.php?rest_route=\/wp\/v2\/posts\/10618\/revisions\/10619"}],"wp:featuredmedia":[{"embeddable":true,"href":"https:\/\/www.lodelmomentoloja.com\/index.php?rest_route=\/wp\/v2\/media\/10613"}],"wp:attachment":[{"href":"https:\/\/www.lodelmomentoloja.com\/index.php?rest_route=%2Fwp%2Fv2%2Fmedia&parent=10618"}],"wp:term":[{"taxonomy":"category","embeddable":true,"href":"https:\/\/www.lodelmomentoloja.com\/index.php?rest_route=%2Fwp%2Fv2%2Fcategories&post=10618"},{"taxonomy":"post_tag","embeddable":true,"href":"https:\/\/www.lodelmomentoloja.com\/index.php?rest_route=%2Fwp%2Fv2%2Ftags&post=10618"}],"curies":[{"name":"wp","href":"https:\/\/api.w.org\/{rel}","templated":true}]}}