{"id":10526,"date":"2022-08-02T16:00:52","date_gmt":"2022-08-02T16:00:52","guid":{"rendered":"https:\/\/www.lodelmomentoloja.com\/?p=10526"},"modified":"2022-08-02T22:50:50","modified_gmt":"2022-08-02T22:50:50","slug":"presidente-nacional-de-creo-dejan-de-lado-a-rafael-davila-en-candidaturas-2023","status":"publish","type":"post","link":"https:\/\/www.lodelmomentoloja.com\/?p=10526","title":{"rendered":"Presidente Nacional de CREO dejan de lado a Rafael D\u00e1vila en candidaturas 2023"},"content":{"rendered":"<p><img loading=\"lazy\" decoding=\"async\" class=\"wp-image-10527 alignleft\" src=\"http:\/\/www.lodelmomentoloja.com\/wp-content\/uploads\/2022\/08\/tgrfdesw-858x1024.jpg\" alt=\"\" width=\"507\" height=\"605\" srcset=\"https:\/\/www.lodelmomentoloja.com\/wp-content\/uploads\/2022\/08\/tgrfdesw-858x1024.jpg 858w, https:\/\/www.lodelmomentoloja.com\/wp-content\/uploads\/2022\/08\/tgrfdesw-251x300.jpg 251w, https:\/\/www.lodelmomentoloja.com\/wp-content\/uploads\/2022\/08\/tgrfdesw-768x916.jpg 768w, https:\/\/www.lodelmomentoloja.com\/wp-content\/uploads\/2022\/08\/tgrfdesw-640x764.jpg 640w, https:\/\/www.lodelmomentoloja.com\/wp-content\/uploads\/2022\/08\/tgrfdesw.jpg 937w\" sizes=\"(max-width: 507px) 100vw, 507px\" \/><\/p>\n<p>#Loja | Iniciando el mes de agosto las sorpresas pol\u00edticas caen en la provincia, con fecha del 01 de agosto del 2022, Guido Chiriboga High envi\u00f3 un oficio a la representante del CNE para delegar a Alexander Nagua en representaci\u00f3n del Movimiento CREO y as\u00ed poder presentar e inscribir todas las candidaturas para las Elecciones Seccionales 2023 en la jurisdicci\u00f3n de la provincia de Loja, actividad que la realizaba Rafael D\u00e1vila como Presidente (E) de CREO Loja.<\/p>\n<p><img loading=\"lazy\" decoding=\"async\" class=\"alignnone wp-image-10528 \" src=\"http:\/\/www.lodelmomentoloja.com\/wp-content\/uploads\/2022\/08\/gtrewq.jpg\" alt=\"\" width=\"456\" height=\"310\" srcset=\"https:\/\/www.lodelmomentoloja.com\/wp-content\/uploads\/2022\/08\/gtrewq.jpg 960w, https:\/\/www.lodelmomentoloja.com\/wp-content\/uploads\/2022\/08\/gtrewq-300x204.jpg 300w, https:\/\/www.lodelmomentoloja.com\/wp-content\/uploads\/2022\/08\/gtrewq-768x522.jpg 768w, https:\/\/www.lodelmomentoloja.com\/wp-content\/uploads\/2022\/08\/gtrewq-640x435.jpg 640w\" sizes=\"(max-width: 456px) 100vw, 456px\" \/><\/p>\n<p>&nbsp;<\/p>\n<p>&nbsp;<\/p>\n<p><strong>\u00bfLo a\u00edslan de las aspiraciones pol\u00edticas del Gobierno?<\/strong><\/p>\n<p><em>S\u00edguenos #LDMnoticias \u00f3 #lodelmomentolojaLDM<\/em><\/p>\n","protected":false},"excerpt":{"rendered":"<p>#Loja | Iniciando el mes de agosto las sorpresas pol\u00edticas caen en la provincia, con&#8230;<\/p>\n","protected":false},"author":1,"featured_media":10529,"comment_status":"open","ping_status":"open","sticky":false,"template":"","format":"standard","meta":{"footnotes":""},"categories":[1,5],"tags":[],"class_list":["post-10526","post","type-post","status-publish","format-standard","has-post-thumbnail","hentry","category-inicio","category-loja"],"_links":{"self":[{"href":"https:\/\/www.lodelmomentoloja.com\/index.php?rest_route=\/wp\/v2\/posts\/10526"}],"collection":[{"href":"https:\/\/www.lodelmomentoloja.com\/index.php?rest_route=\/wp\/v2\/posts"}],"about":[{"href":"https:\/\/www.lodelmomentoloja.com\/index.php?rest_route=\/wp\/v2\/types\/post"}],"author":[{"embeddable":true,"href":"https:\/\/www.lodelmomentoloja.com\/index.php?rest_route=\/wp\/v2\/users\/1"}],"replies":[{"embeddable":true,"href":"https:\/\/www.lodelmomentoloja.com\/index.php?rest_route=%2Fwp%2Fv2%2Fcomments&post=10526"}],"version-history":[{"count":1,"href":"https:\/\/www.lodelmomentoloja.com\/index.php?rest_route=\/wp\/v2\/posts\/10526\/revisions"}],"predecessor-version":[{"id":10530,"href":"https:\/\/www.lodelmomentoloja.com\/index.php?rest_route=\/wp\/v2\/posts\/10526\/revisions\/10530"}],"wp:featuredmedia":[{"embeddable":true,"href":"https:\/\/www.lodelmomentoloja.com\/index.php?rest_route=\/wp\/v2\/media\/10529"}],"wp:attachment":[{"href":"https:\/\/www.lodelmomentoloja.com\/index.php?rest_route=%2Fwp%2Fv2%2Fmedia&parent=10526"}],"wp:term":[{"taxonomy":"category","embeddable":true,"href":"https:\/\/www.lodelmomentoloja.com\/index.php?rest_route=%2Fwp%2Fv2%2Fcategories&post=10526"},{"taxonomy":"post_tag","embeddable":true,"href":"https:\/\/www.lodelmomentoloja.com\/index.php?rest_route=%2Fwp%2Fv2%2Ftags&post=10526"}],"curies":[{"name":"wp","href":"https:\/\/api.w.org\/{rel}","templated":true}]}}