{"id":10510,"date":"2022-08-02T10:06:53","date_gmt":"2022-08-02T10:06:53","guid":{"rendered":"https:\/\/www.lodelmomentoloja.com\/?p=10510"},"modified":"2022-08-02T15:08:07","modified_gmt":"2022-08-02T15:08:07","slug":"xavier-hervas-se-desafilia-de-la-izquierda-democratica","status":"publish","type":"post","link":"https:\/\/www.lodelmomentoloja.com\/?p=10510","title":{"rendered":"Xavier Hervas se desafilia de la Izquierda Democr\u00e1tica"},"content":{"rendered":"<p>El excandidato presidencial Xavier Hervas anunci\u00f3 este 2 de agosto de 2022, su desafiliaci\u00f3n al partido Izquierda Democr\u00e1tica (ID).<\/p>\n<p>En una rueda de prensa, Hervas aclar\u00f3 que esta decisi\u00f3n \u201cno tiene ninguna relaci\u00f3n con otras organizaciones pol\u00edticas\u201d<\/p>\n<p>\u201cDoy un paso al costado en el partido para no formar parte, porque no me puedo prestar, a que se repitan esos modelos en los que primen los c\u00e1lculos pol\u00edticos por encima de los ideales. Hoy en d\u00eda esos ideales no los veo presentes en el partido\u201d, aclar\u00f3.<\/p>\n<p>Adem\u00e1s descart\u00f3 su participaci\u00f3n en los comicios seccionales de 2023, y manifest\u00f3 que actualmente no tiene partido pol\u00edtico.<\/p>\n<p>www.lodelmomentoloja.com<\/p>\n<p>#LDMnoticias #lodelmomentolojaLDM<\/p>\n","protected":false},"excerpt":{"rendered":"<p>El excandidato presidencial Xavier Hervas anunci\u00f3 este 2 de agosto de 2022, su desafiliaci\u00f3n al&#8230;<\/p>\n","protected":false},"author":1,"featured_media":10511,"comment_status":"open","ping_status":"open","sticky":false,"template":"","format":"standard","meta":{"footnotes":""},"categories":[7,1],"tags":[],"class_list":["post-10510","post","type-post","status-publish","format-standard","has-post-thumbnail","hentry","category-ecuador","category-inicio"],"_links":{"self":[{"href":"https:\/\/www.lodelmomentoloja.com\/index.php?rest_route=\/wp\/v2\/posts\/10510"}],"collection":[{"href":"https:\/\/www.lodelmomentoloja.com\/index.php?rest_route=\/wp\/v2\/posts"}],"about":[{"href":"https:\/\/www.lodelmomentoloja.com\/index.php?rest_route=\/wp\/v2\/types\/post"}],"author":[{"embeddable":true,"href":"https:\/\/www.lodelmomentoloja.com\/index.php?rest_route=\/wp\/v2\/users\/1"}],"replies":[{"embeddable":true,"href":"https:\/\/www.lodelmomentoloja.com\/index.php?rest_route=%2Fwp%2Fv2%2Fcomments&post=10510"}],"version-history":[{"count":1,"href":"https:\/\/www.lodelmomentoloja.com\/index.php?rest_route=\/wp\/v2\/posts\/10510\/revisions"}],"predecessor-version":[{"id":10512,"href":"https:\/\/www.lodelmomentoloja.com\/index.php?rest_route=\/wp\/v2\/posts\/10510\/revisions\/10512"}],"wp:featuredmedia":[{"embeddable":true,"href":"https:\/\/www.lodelmomentoloja.com\/index.php?rest_route=\/wp\/v2\/media\/10511"}],"wp:attachment":[{"href":"https:\/\/www.lodelmomentoloja.com\/index.php?rest_route=%2Fwp%2Fv2%2Fmedia&parent=10510"}],"wp:term":[{"taxonomy":"category","embeddable":true,"href":"https:\/\/www.lodelmomentoloja.com\/index.php?rest_route=%2Fwp%2Fv2%2Fcategories&post=10510"},{"taxonomy":"post_tag","embeddable":true,"href":"https:\/\/www.lodelmomentoloja.com\/index.php?rest_route=%2Fwp%2Fv2%2Ftags&post=10510"}],"curies":[{"name":"wp","href":"https:\/\/api.w.org\/{rel}","templated":true}]}}