{"id":10498,"date":"2022-08-01T16:16:30","date_gmt":"2022-08-01T16:16:30","guid":{"rendered":"https:\/\/www.lodelmomentoloja.com\/?p=10498"},"modified":"2022-08-01T21:20:25","modified_gmt":"2022-08-01T21:20:25","slug":"precandidatos-para-alcaldia-y-prefectura","status":"publish","type":"post","link":"https:\/\/www.lodelmomentoloja.com\/?p=10498","title":{"rendered":"Precandidatos para Alcald\u00eda y Prefectura"},"content":{"rendered":"<p>#Loja | Estos son los precandidatos que ya estar\u00edan confirmados:<\/p>\n<p>&#8211; Jos\u00e9 Bol\u00edvar Castillo para la alcald\u00eda de Loja y Oswaldo Rom\u00e1n para la prefectura de Loja, ser\u00e1n el binomio por el Movimiento (ARE).<br \/>\n&#8211; Jorge Reyes para la alcald\u00eda de Loja y Kelvin Sigcho a la prefectura de Loja, ser\u00e1n el binomio por Centro Democr\u00e1tico.<\/p>\n<p><iframe loading=\"lazy\" title=\"Precandidatos  para alcald\u00eda y prefectura de Loja - Elecciones electorales 2023 |LO DEL MOMENTO LOJA\" width=\"640\" height=\"360\" src=\"https:\/\/www.youtube.com\/embed\/K6IzEK5UiyA?feature=oembed\" frameborder=\"0\" allow=\"accelerometer; autoplay; clipboard-write; encrypted-media; gyroscope; picture-in-picture; web-share\" referrerpolicy=\"strict-origin-when-cross-origin\" allowfullscreen><\/iframe><\/p>\n<p>&nbsp;<\/p>\n<p>www.lodelmomentoloja.com<br \/>\n#LDMnoticias #lodelmomentolojaLDM<\/p>\n","protected":false},"excerpt":{"rendered":"<p>#Loja | Estos son los precandidatos que ya estar\u00edan confirmados: &#8211; Jos\u00e9 Bol\u00edvar Castillo para&#8230;<\/p>\n","protected":false},"author":1,"featured_media":10499,"comment_status":"open","ping_status":"open","sticky":false,"template":"","format":"standard","meta":{"footnotes":""},"categories":[1,5],"tags":[],"class_list":["post-10498","post","type-post","status-publish","format-standard","has-post-thumbnail","hentry","category-inicio","category-loja"],"_links":{"self":[{"href":"https:\/\/www.lodelmomentoloja.com\/index.php?rest_route=\/wp\/v2\/posts\/10498"}],"collection":[{"href":"https:\/\/www.lodelmomentoloja.com\/index.php?rest_route=\/wp\/v2\/posts"}],"about":[{"href":"https:\/\/www.lodelmomentoloja.com\/index.php?rest_route=\/wp\/v2\/types\/post"}],"author":[{"embeddable":true,"href":"https:\/\/www.lodelmomentoloja.com\/index.php?rest_route=\/wp\/v2\/users\/1"}],"replies":[{"embeddable":true,"href":"https:\/\/www.lodelmomentoloja.com\/index.php?rest_route=%2Fwp%2Fv2%2Fcomments&post=10498"}],"version-history":[{"count":1,"href":"https:\/\/www.lodelmomentoloja.com\/index.php?rest_route=\/wp\/v2\/posts\/10498\/revisions"}],"predecessor-version":[{"id":10500,"href":"https:\/\/www.lodelmomentoloja.com\/index.php?rest_route=\/wp\/v2\/posts\/10498\/revisions\/10500"}],"wp:featuredmedia":[{"embeddable":true,"href":"https:\/\/www.lodelmomentoloja.com\/index.php?rest_route=\/wp\/v2\/media\/10499"}],"wp:attachment":[{"href":"https:\/\/www.lodelmomentoloja.com\/index.php?rest_route=%2Fwp%2Fv2%2Fmedia&parent=10498"}],"wp:term":[{"taxonomy":"category","embeddable":true,"href":"https:\/\/www.lodelmomentoloja.com\/index.php?rest_route=%2Fwp%2Fv2%2Fcategories&post=10498"},{"taxonomy":"post_tag","embeddable":true,"href":"https:\/\/www.lodelmomentoloja.com\/index.php?rest_route=%2Fwp%2Fv2%2Ftags&post=10498"}],"curies":[{"name":"wp","href":"https:\/\/api.w.org\/{rel}","templated":true}]}}