{"id":10490,"date":"2022-08-01T11:45:59","date_gmt":"2022-08-01T11:45:59","guid":{"rendered":"https:\/\/www.lodelmomentoloja.com\/?p=10490"},"modified":"2022-08-01T20:45:52","modified_gmt":"2022-08-01T20:45:52","slug":"isub-entrego-200-nuevos-profesionales-de-enfermeria","status":"publish","type":"post","link":"https:\/\/www.lodelmomentoloja.com\/?p=10490","title":{"rendered":"ISUB entreg\u00f3 200 nuevos profesionales de Enfermer\u00eda"},"content":{"rendered":"<p>Se vinculan a los establecimientos de salud del pa\u00eds una vez que recibieron el t\u00edtulo de tercer nivel en Enfermer\u00eda. Otros optar\u00e1n por el Programa de Empleo de Enfermer\u00eda en los EE.UU.<\/p>\n<p>&nbsp;<\/p>\n<h4>Gratitud<\/h4>\n<p>Mar\u00eda Jos\u00e9 Ram\u00edrez, a nombre de la d\u00e9cima cuarta promoci\u00f3n en general del ISUB, resalt\u00f3 el trabajo desempe\u00f1ado en proyectos y programas de vinculaci\u00f3n con la sociedad, desarrollo de las pr\u00e1cticas profesionales y ahora en el ejercicio profesional. Aman Quezada en representaci\u00f3n de sus compa\u00f1eros entreg\u00f3 un reconocimiento especial para el Rector del ISUB, por la dedicaci\u00f3n, constancia y gesti\u00f3n de diferentes planes de innovaci\u00f3n acad\u00e9mica y nuevas oportunidades laborales en el exterior.<\/p>\n<p>El acompa\u00f1amiento musical de la Orquesta Sinf\u00f3nica \u201cCiudad de Loja\u201d, junto con el artista lojano \u00d3scar Err\u00e1ez y la invitada especial Dayanara Peralta desde Guayaquil cantaron a los nuevos graduados del Universitario Bolivariano. Los profesionales pasar\u00e1n a integrarse en los establecimientos de salud del pa\u00eds, mientras que otros aplicar\u00e1n al Programa de Empleo para Enfermer\u00eda en la cadena del Larkin Community Hospital del Estado de Florida de los Estados Unidos de Am\u00e9rica.<\/p>\n<p>200 nuevos profesionales de Enfermer\u00eda entreg\u00f3 el Instituto Superior Universitario Bolivariano (ISUB) de la ciudad de Loja, durante un acto solemne con la presencia de autoridades de la provincia, invitados especiales y familiares de los egresados.<\/p>\n<p>Los graduados pertenecen a la segunda promoci\u00f3n de la carrera de Enfermer\u00eda, perteneciente al \u00c1rea de las Ciencias de la Salud del ISUB, quienes realizaron el juramento colectivo presidido por Roberto Bustamante, coordinador zonal de la Secretar\u00eda Nacional de Educaci\u00f3n Superior, Ciencia y Tecnolog\u00eda (Senescyt).<\/p>\n<p>&nbsp;<\/p>\n<h4>T\u00edtulos<\/h4>\n<p>Cada uno de los enfermeros se dirigieron a la mesa directiva para recibir la investidura p\u00fablica y el t\u00edtulo profesional de parte de: Paula Quizhpe, directora del Centro de Salud No.1; Roberto Bustamante, coordinador de Senescyt; V\u00edctor Hugo Samaniego Luna, rector del ISUB; Byron Maldonado, asamble\u00edsta; Jonathan Jim\u00e9nez, intendente general de Polic\u00eda<\/p>\n<p>La primera Autoridad del Universitario Bolivariano destac\u00f3 la asimilaci\u00f3n del Programa de Entrenamiento y Capacitaci\u00f3n a Estudiantes y Docentes (Pecaed) y su posterior aplicaci\u00f3n en la malla curricular y el cumplimiento de las actividades acad\u00e9micas en el aula, laboratorios del Campus, o en las unidades de salud para las pr\u00e1cticas correspondientes. El legislador Byron Maldonado elogi\u00f3 el esfuerzo de cada uno de los profesionales durante su formaci\u00f3n universitaria, sobre todo en la entrega incondicional cuando ejercieron el trabajo de campo en beneficio de las personas vulnerables.<\/p>\n<p>&nbsp;<\/p>\n<p><img loading=\"lazy\" decoding=\"async\" class=\"alignnone wp-image-10491 size-large\" src=\"http:\/\/www.lodelmomentoloja.com\/wp-content\/uploads\/2022\/08\/ygtredws-1024x687.jpg\" alt=\"\" width=\"640\" height=\"429\" srcset=\"https:\/\/www.lodelmomentoloja.com\/wp-content\/uploads\/2022\/08\/ygtredws-1024x687.jpg 1024w, https:\/\/www.lodelmomentoloja.com\/wp-content\/uploads\/2022\/08\/ygtredws-300x201.jpg 300w, https:\/\/www.lodelmomentoloja.com\/wp-content\/uploads\/2022\/08\/ygtredws-768x515.jpg 768w, https:\/\/www.lodelmomentoloja.com\/wp-content\/uploads\/2022\/08\/ygtredws-640x430.jpg 640w, https:\/\/www.lodelmomentoloja.com\/wp-content\/uploads\/2022\/08\/ygtredws.jpg 1280w\" sizes=\"(max-width: 640px) 100vw, 640px\" \/><\/p>\n<p><em>S\u00edguenos #LDMnoticias \u00f3 #lodelmomentolojaLDM<\/em><\/p>\n","protected":false},"excerpt":{"rendered":"<p>Se vinculan a los establecimientos de salud del pa\u00eds una vez que recibieron el t\u00edtulo&#8230;<\/p>\n","protected":false},"author":1,"featured_media":10494,"comment_status":"open","ping_status":"open","sticky":false,"template":"","format":"standard","meta":{"footnotes":""},"categories":[1,5],"tags":[],"class_list":["post-10490","post","type-post","status-publish","format-standard","has-post-thumbnail","hentry","category-inicio","category-loja"],"_links":{"self":[{"href":"https:\/\/www.lodelmomentoloja.com\/index.php?rest_route=\/wp\/v2\/posts\/10490"}],"collection":[{"href":"https:\/\/www.lodelmomentoloja.com\/index.php?rest_route=\/wp\/v2\/posts"}],"about":[{"href":"https:\/\/www.lodelmomentoloja.com\/index.php?rest_route=\/wp\/v2\/types\/post"}],"author":[{"embeddable":true,"href":"https:\/\/www.lodelmomentoloja.com\/index.php?rest_route=\/wp\/v2\/users\/1"}],"replies":[{"embeddable":true,"href":"https:\/\/www.lodelmomentoloja.com\/index.php?rest_route=%2Fwp%2Fv2%2Fcomments&post=10490"}],"version-history":[{"count":2,"href":"https:\/\/www.lodelmomentoloja.com\/index.php?rest_route=\/wp\/v2\/posts\/10490\/revisions"}],"predecessor-version":[{"id":10493,"href":"https:\/\/www.lodelmomentoloja.com\/index.php?rest_route=\/wp\/v2\/posts\/10490\/revisions\/10493"}],"wp:featuredmedia":[{"embeddable":true,"href":"https:\/\/www.lodelmomentoloja.com\/index.php?rest_route=\/wp\/v2\/media\/10494"}],"wp:attachment":[{"href":"https:\/\/www.lodelmomentoloja.com\/index.php?rest_route=%2Fwp%2Fv2%2Fmedia&parent=10490"}],"wp:term":[{"taxonomy":"category","embeddable":true,"href":"https:\/\/www.lodelmomentoloja.com\/index.php?rest_route=%2Fwp%2Fv2%2Fcategories&post=10490"},{"taxonomy":"post_tag","embeddable":true,"href":"https:\/\/www.lodelmomentoloja.com\/index.php?rest_route=%2Fwp%2Fv2%2Ftags&post=10490"}],"curies":[{"name":"wp","href":"https:\/\/api.w.org\/{rel}","templated":true}]}}