{"id":10468,"date":"2022-07-29T15:00:41","date_gmt":"2022-07-29T15:00:41","guid":{"rendered":"https:\/\/www.lodelmomentoloja.com\/?p=10468"},"modified":"2022-07-29T20:57:32","modified_gmt":"2022-07-29T20:57:32","slug":"rafael-davila-el-causante-del-rompimiento-de-creo-en-loja","status":"publish","type":"post","link":"https:\/\/www.lodelmomentoloja.com\/?p=10468","title":{"rendered":"\u00bfRafael D\u00e1vila el causante del rompimiento de CREO en Loja?"},"content":{"rendered":"<p>Las cr\u00edticas al movimiento de Gobierno en la provincia de Loja no han parado tanto a lo externo como a lo interno, incluso han llegado todos los exalcaldes que ganaron el anterior proceso electoral por CREO en salirse e irse hacia un nuevo rumbo, del cual, acusan al actual presidente provincial Rafael D\u00e1vila, asegurando que a este paso se ha roto la estructura pol\u00edtica que manten\u00edan.<\/p>\n<h3>NOTA EN V\u00cdDEO<\/h3>\n<p><iframe loading=\"lazy\" title=\"\u00a1CREO se rompi\u00f3! Todo apunta a D\u00e1vila y su cronograma pol\u00edtico| LO DEL MOMENTO LOJA\" width=\"640\" height=\"360\" src=\"https:\/\/www.youtube.com\/embed\/5lGdtMcBohU?feature=oembed\" frameborder=\"0\" allow=\"accelerometer; autoplay; clipboard-write; encrypted-media; gyroscope; picture-in-picture; web-share\" referrerpolicy=\"strict-origin-when-cross-origin\" allowfullscreen><\/iframe><\/p>\n<p><em>S\u00edguenos #LDMnoticias \u00f3 #lodelmomentolojaLDM<\/em><\/p>\n","protected":false},"excerpt":{"rendered":"<p>Las cr\u00edticas al movimiento de Gobierno en la provincia de Loja no han parado tanto&#8230;<\/p>\n","protected":false},"author":1,"featured_media":10469,"comment_status":"open","ping_status":"open","sticky":false,"template":"","format":"standard","meta":{"footnotes":""},"categories":[1,5],"tags":[],"class_list":["post-10468","post","type-post","status-publish","format-standard","has-post-thumbnail","hentry","category-inicio","category-loja"],"_links":{"self":[{"href":"https:\/\/www.lodelmomentoloja.com\/index.php?rest_route=\/wp\/v2\/posts\/10468"}],"collection":[{"href":"https:\/\/www.lodelmomentoloja.com\/index.php?rest_route=\/wp\/v2\/posts"}],"about":[{"href":"https:\/\/www.lodelmomentoloja.com\/index.php?rest_route=\/wp\/v2\/types\/post"}],"author":[{"embeddable":true,"href":"https:\/\/www.lodelmomentoloja.com\/index.php?rest_route=\/wp\/v2\/users\/1"}],"replies":[{"embeddable":true,"href":"https:\/\/www.lodelmomentoloja.com\/index.php?rest_route=%2Fwp%2Fv2%2Fcomments&post=10468"}],"version-history":[{"count":1,"href":"https:\/\/www.lodelmomentoloja.com\/index.php?rest_route=\/wp\/v2\/posts\/10468\/revisions"}],"predecessor-version":[{"id":10470,"href":"https:\/\/www.lodelmomentoloja.com\/index.php?rest_route=\/wp\/v2\/posts\/10468\/revisions\/10470"}],"wp:featuredmedia":[{"embeddable":true,"href":"https:\/\/www.lodelmomentoloja.com\/index.php?rest_route=\/wp\/v2\/media\/10469"}],"wp:attachment":[{"href":"https:\/\/www.lodelmomentoloja.com\/index.php?rest_route=%2Fwp%2Fv2%2Fmedia&parent=10468"}],"wp:term":[{"taxonomy":"category","embeddable":true,"href":"https:\/\/www.lodelmomentoloja.com\/index.php?rest_route=%2Fwp%2Fv2%2Fcategories&post=10468"},{"taxonomy":"post_tag","embeddable":true,"href":"https:\/\/www.lodelmomentoloja.com\/index.php?rest_route=%2Fwp%2Fv2%2Ftags&post=10468"}],"curies":[{"name":"wp","href":"https:\/\/api.w.org\/{rel}","templated":true}]}}