{"id":10413,"date":"2022-07-27T11:00:06","date_gmt":"2022-07-27T11:00:06","guid":{"rendered":"https:\/\/www.lodelmomentoloja.com\/?p=10413"},"modified":"2022-07-27T17:48:23","modified_gmt":"2022-07-27T17:48:23","slug":"nixon-granda-y-mario-mancino-iran-en-binomio-para-el-2023","status":"publish","type":"post","link":"https:\/\/www.lodelmomentoloja.com\/?p=10413","title":{"rendered":"Nixon Granda y Mario Mancino ir\u00e1n en binomio para el 2023"},"content":{"rendered":"<p>Tras varios di\u00e1logos pol\u00edticos entre Nixon Granda, actual concejal de Loja y Mario Mancino, ex gobernador de Loja, finalmente han dejado en firme su alianza denominada &#8220;Juntos por Loja&#8221; en los que estar\u00e1n respaldados por el movimiento provincial APLA 73 que apadrina a Nixon Granda y al movimiento nacional SUMA 23 que apadrina a Mario Mancino.<\/p>\n<p>Tras la consulta de LDM al concejal Nixon Granda, manifest\u00f3: <span class=\"selectable-text copyable-text\">&#8220;Tras la \u00faltima consulta que me hicieron (LDM) est\u00e1bamos dialogando con algunos actores pero no era nada oficial, pero el d\u00eda de ayer ya concretamos el tema, ahora haciendo los documentos para que se pueda registrar la alianza&#8221;, recalc\u00f3 Granda, esto en virtud de que Mancino se encontraba fuera de Loja.<\/span><\/p>\n<p>Por otro lado, no hay un pronunciamiento de Mario Mancino hasta el cierre de esta nota, pero presuntamente contar\u00eda con el apoyo de Rafael D\u00e1vila, pese a estar como actual autoridad del movimiento de gobierno CREO.<\/p>\n<p>&nbsp;<\/p>\n<h4>\u00bfLOS MENTORES DE LA ALIANZA?<\/h4>\n<p>No es una novedad los acercamientos entre representantes los nuevos aspirantes, por el lado de Nixon Granda, era casi box populi que personas de confianza del fallecido alcalde Bail\u00f3n se vinculaban directa o indirectamente con figuras del Movimiento CREO, tal como se pudo ver en la campa\u00f1a de la segunda vuelta electoral de las presidenciables del 2019; as\u00ed mismo, alrededor de la figura de Rafael D\u00e1vila se generaban varios criterios sobre la posibilidad de cambiar los papeles en un proceso electoral, es decir, Prefecto D\u00e1vila por la Alcald\u00eda y Alcalde Bail\u00f3n a la Prefectura para el 2023. Sin embargo, tras la muerte del ex burgomaestre todo cambi\u00f3 y en su lugar, ahora ir\u00e1n sus nuevas figuras.<\/p>\n<p>&nbsp;<\/p>\n<p><img loading=\"lazy\" decoding=\"async\" class=\"alignnone wp-image-10417 \" src=\"http:\/\/www.lodelmomentoloja.com\/wp-content\/uploads\/2022\/07\/gfdsewa-1024x697.jpg\" alt=\"\" width=\"548\" height=\"373\" srcset=\"https:\/\/www.lodelmomentoloja.com\/wp-content\/uploads\/2022\/07\/gfdsewa-1024x697.jpg 1024w, https:\/\/www.lodelmomentoloja.com\/wp-content\/uploads\/2022\/07\/gfdsewa-300x204.jpg 300w, https:\/\/www.lodelmomentoloja.com\/wp-content\/uploads\/2022\/07\/gfdsewa-768x522.jpg 768w, https:\/\/www.lodelmomentoloja.com\/wp-content\/uploads\/2022\/07\/gfdsewa-640x435.jpg 640w, https:\/\/www.lodelmomentoloja.com\/wp-content\/uploads\/2022\/07\/gfdsewa-1536x1045.jpg 1536w, https:\/\/www.lodelmomentoloja.com\/wp-content\/uploads\/2022\/07\/gfdsewa.jpg 2048w\" sizes=\"(max-width: 548px) 100vw, 548px\" \/><\/p>\n<p style=\"text-align: left;\"><strong><em>Foto archivo del 2019 &#8211; Entrevista radial<\/em><\/strong><\/p>\n<p>S\u00edguenos #LDMnoticias \u00f3 #lodelmomentolojaLDM<\/p>\n<p>&nbsp;<\/p>\n","protected":false},"excerpt":{"rendered":"<p>Tras varios di\u00e1logos pol\u00edticos entre Nixon Granda, actual concejal de Loja y Mario Mancino, ex&#8230;<\/p>\n","protected":false},"author":1,"featured_media":10418,"comment_status":"open","ping_status":"open","sticky":false,"template":"","format":"standard","meta":{"footnotes":""},"categories":[1,5],"tags":[],"class_list":["post-10413","post","type-post","status-publish","format-standard","has-post-thumbnail","hentry","category-inicio","category-loja"],"_links":{"self":[{"href":"https:\/\/www.lodelmomentoloja.com\/index.php?rest_route=\/wp\/v2\/posts\/10413"}],"collection":[{"href":"https:\/\/www.lodelmomentoloja.com\/index.php?rest_route=\/wp\/v2\/posts"}],"about":[{"href":"https:\/\/www.lodelmomentoloja.com\/index.php?rest_route=\/wp\/v2\/types\/post"}],"author":[{"embeddable":true,"href":"https:\/\/www.lodelmomentoloja.com\/index.php?rest_route=\/wp\/v2\/users\/1"}],"replies":[{"embeddable":true,"href":"https:\/\/www.lodelmomentoloja.com\/index.php?rest_route=%2Fwp%2Fv2%2Fcomments&post=10413"}],"version-history":[{"count":2,"href":"https:\/\/www.lodelmomentoloja.com\/index.php?rest_route=\/wp\/v2\/posts\/10413\/revisions"}],"predecessor-version":[{"id":10420,"href":"https:\/\/www.lodelmomentoloja.com\/index.php?rest_route=\/wp\/v2\/posts\/10413\/revisions\/10420"}],"wp:featuredmedia":[{"embeddable":true,"href":"https:\/\/www.lodelmomentoloja.com\/index.php?rest_route=\/wp\/v2\/media\/10418"}],"wp:attachment":[{"href":"https:\/\/www.lodelmomentoloja.com\/index.php?rest_route=%2Fwp%2Fv2%2Fmedia&parent=10413"}],"wp:term":[{"taxonomy":"category","embeddable":true,"href":"https:\/\/www.lodelmomentoloja.com\/index.php?rest_route=%2Fwp%2Fv2%2Fcategories&post=10413"},{"taxonomy":"post_tag","embeddable":true,"href":"https:\/\/www.lodelmomentoloja.com\/index.php?rest_route=%2Fwp%2Fv2%2Ftags&post=10413"}],"curies":[{"name":"wp","href":"https:\/\/api.w.org\/{rel}","templated":true}]}}