{"id":10355,"date":"2022-07-25T11:00:49","date_gmt":"2022-07-25T11:00:49","guid":{"rendered":"https:\/\/www.lodelmomentoloja.com\/?p=10355"},"modified":"2022-07-25T19:28:36","modified_gmt":"2022-07-25T19:28:36","slug":"escenarios-de-la-politica-en-loja-siguen-siendo-mas-visibles","status":"publish","type":"post","link":"https:\/\/www.lodelmomentoloja.com\/?p=10355","title":{"rendered":"Escenarios de la pol\u00edtica en Loja siguen siendo m\u00e1s visibles."},"content":{"rendered":"<p>Se acercan las elecciones populares en el cant\u00f3n y la provincia de Loja en miras al 2023 y con esto, varias figuras pol\u00edticas se preparan para participar por un cargo, unos ir\u00e1n por la reelecci\u00f3n y otros esperan ir por otras dignidades.<\/p>\n<p>Si hablamos de los movimientos pol\u00edticos en el cant\u00f3n Loja, desde el <strong>Movimiento APLA, Nixon Granda su precandidato<\/strong> y actual concejal, busca la alcald\u00eda de Loja y para ello <strong>estar\u00e1 acompa\u00f1ado del tambi\u00e9n concejal rural Adalber Gaona<\/strong>, edil que fue elegido por el movimiento CREO ahora persigue la reelecci\u00f3n con su compa\u00f1ero de cabildo. Entre las posibilidades de una alianza para apoyar a la Prefectura, Granda manifest\u00f3 que ha tenido conversaciones con Mario Mancino, Jimmy Villavicencio y Oswaldo Rom\u00e1n, incluso manifest\u00f3 que existe una posibilidad de que vayan solos.<\/p>\n<p>El reciente movimiento pol\u00edtico aprobado en Loja, <strong>SER, que tendr\u00e1 como precandidato a Franco Quezada<\/strong>, ha confirmado que <strong>no ir\u00e1 con candidato a la Prefectura<\/strong>, adicional del cant\u00f3n Loja, otros 2 o 3 cantones participar\u00e1n y esto por el limitado tiempo que tienen para este proceso electoral.<\/p>\n<p>El <strong>movimiento ARE<\/strong>, del exalcalde <strong>Jos\u00e9 Bol\u00edvar Castillo<\/strong>, han empezado con las primarias con una novedad, <strong>el ex edil Iv\u00e1n Lude\u00f1a ser\u00e1 el reemplazo del actual concejal Ramiro Palacios para acompa\u00f1arlo en el 2023<\/strong>, pese a las intenciones del legislador cantonal, otros perfiles le habr\u00edan ganado las disputas internas y no se conoce el rumbo que tomar\u00e1 el pr\u00f3ximo a\u00f1o. Al tener comunicaci\u00f3n con el edil Ramiro, manifest\u00f3 que no fue part\u00edcipe de primarias y seguir\u00e1 en su cargo hasta que termine su periodo. En cambio, por el perfil a la Prefectura, se conoc\u00eda que era Oswaldo Rom\u00e1n pero no se ha puesto en firme dicha decisi\u00f3n.<\/p>\n<p>Del actual cabildo lojano, <strong>el movimiento RETO tambi\u00e9n cuenta con tres de figuras que ganaron las concejal\u00edas en el 2019<\/strong> por diferentes partidos pol\u00edticos, como son el caso de <strong>Santiago Err\u00e1ez (CREO)<\/strong>, <strong>Karina Gonz\u00e1les (Loja para todos) y Dar\u00edo Loja (Democracia SI)<\/strong>. Por parte de Err\u00e1ez, busca la relecci\u00f3n como concejal, en cambio, Dar\u00edo Loja quien es el precandidato a la Prefectura de Loja ya cumple con su segundo periodo como concejal, a diferencia de Karina Gonz\u00e1lez que de la concejal\u00eda ir\u00e1 de binomio para la Viceprefectura por RETO. Adicional a ello, <strong>dos vicealcaldesas en la provincia de Loja ir\u00e1n a pelear las alcald\u00edas, Jennifer L\u00f3pez<\/strong> (CREO) <strong>de Paltas<\/strong>, dejar\u00e1 su cargo para ser candidata a la Alcald\u00eda, lo mismo har\u00e1 <strong>Mar\u00eda Salom\u00e9 Lude\u00f1a de Celica<\/strong> que busca la buscar la de su cant\u00f3n, esta seria la primera vez que estas dos mujeres buscar\u00edan pasar de la concejal\u00eda a la Alcald\u00eda.<\/p>\n<p>Por parte de Pachakutik (PK) y Renovaci\u00f3n Democr\u00e1tica (RD), como ya es de conocimiento pol\u00edtico, no ser\u00e1n m\u00e1s aliados, ya que desde RD pidieron cambiar el candidato a la Prefectura para continuar con la alianza pol\u00edtica, cosa que PK no acept\u00f3 y mediante comunicado sigui\u00f3 sosteniendo el apoyo a Jorge Guevara, pese a los problemas internos que tienen en el partido. Lo que deja como resultados, hasta el momento, es a <strong>Pachakutik sin candidato a la Alcald\u00eda de Loja y Renovaci\u00f3n Democr\u00e1tica<\/strong>, Patricio Valdivieso quien es el precandidato a la Alcald\u00eda, <strong>se queda parcialmente sin candidato a la Prefectura<\/strong>.<\/p>\n<p>Desde el movimiento del Gobierno <strong>CREO, siguen a la deriva con sus perfiles oficiales<\/strong>, tras la salida del Gobernador Mario Mancino, los rumores pol\u00edticos se han hecho m\u00e1s fuertes y apuntan a <strong>buscar una salida con el movimiento SUMA, <\/strong>incluso se especula que contar\u00e1 con el apoyo de Rafael D\u00e1vila.<\/p>\n<p><strong>Jaime (Jimmy) Villavicencio<\/strong>, en un intento m\u00e1s por ganar un proceso electoral, <strong>cursar\u00e1 su cuarta participaci\u00f3n pol\u00edtica<\/strong>, recordemos que su primera aparici\u00f3n pol\u00edtica fue buscando la prefectura de Loja, posterior a esto busco en dos ocasiones la alcald\u00eda del cant\u00f3n sin obtener ning\u00fan triunfo, ahora nuevamente vuelve a la palestra pol\u00edtica por el Gobierno Provincial, sin embargo, se desconoce por cual movimiento cerrar\u00e1 su participaci\u00f3n.<\/p>\n<p>Por el lado <strong>Rub\u00e9n Bustamante, exprefecto y exasamble\u00edsta<\/strong> por Loja de Alianza Pa\u00eds 35, ahora busca nuevamente el sill\u00f3n provincial pero en esta ocasi\u00f3n ser\u00e1 desde las filas del <strong>movimiento pol\u00edtico AMIGO 16<\/strong>.<\/p>\n<p>El <strong>Partido Social Cristiano<\/strong> (PSC) no se ha quedado atr\u00e1s y se adelant\u00f3 a los directivos del movimiento CREO, ya que los cuatro alcaldes de la provincia, como: Catamayo, Olmedo, Chaguarpamba, y Macar\u00e1 ir\u00e1n apadrinados por el partido nacional, adem\u00e1s del actuales alcaldes de Zapotillo y Pindal podr\u00edan ser parte del proceso electoral con el PSC pero siguen en las conversaciones. Por el tema del cant\u00f3n Loja, el Dr. C\u00e9sar Guerrero ser\u00e1 la figura para la Alcald\u00eda de Loja, al igual que el Dr. Nilo C\u00f3rdova a la Prefectura.<\/p>\n<p>La Revoluci\u00f3n Ciudadana no ha variado mucho y sigue siendo el <strong>actual precandidato a la Alcald\u00eda de Loja, Juan Carlos Torres<\/strong>, quien tambi\u00e9n se desempe\u00f1a como Director (E) del partido y asamble\u00edsta alterno con Johanna Ort\u00edz, <strong>en cambio a la Prefectura de Loja<\/strong>, la disputa estaba entre Alicia Jaramillo y Max \u00cd\u00f1iguez pero se <strong>ha mantenido el respaldo a \u00cd\u00f1iguez<\/strong>, lo que dejar\u00eda en su tercer intento para llegar a un puesto de elecci\u00f3n popular.<\/p>\n<p>Extraoficialmente se conoce de los acercamientos pol\u00edticos entre <strong>Centro Democr\u00e1tico con Kelvin Sigcho para la Prefectura de Loja y Jorge Reyes a la Alcald\u00eda del cant\u00f3n Loja<\/strong>, adem\u00e1s, tambi\u00e9n podr\u00edan darse m\u00e1s alianzas con movimientos locales para fortalecer un proyecto pol\u00edtico.<\/p>\n<p>&nbsp;<\/p>\n<p><em>S\u00edguenos #LDMnoticias \u00f3 #lodelmomentolojaLDM<\/em><\/p>\n<p>&nbsp;<\/p>\n","protected":false},"excerpt":{"rendered":"<p>Se acercan las elecciones populares en el cant\u00f3n y la provincia de Loja en miras&#8230;<\/p>\n","protected":false},"author":1,"featured_media":10360,"comment_status":"open","ping_status":"open","sticky":false,"template":"","format":"standard","meta":{"footnotes":""},"categories":[1,5],"tags":[],"class_list":["post-10355","post","type-post","status-publish","format-standard","has-post-thumbnail","hentry","category-inicio","category-loja"],"_links":{"self":[{"href":"https:\/\/www.lodelmomentoloja.com\/index.php?rest_route=\/wp\/v2\/posts\/10355"}],"collection":[{"href":"https:\/\/www.lodelmomentoloja.com\/index.php?rest_route=\/wp\/v2\/posts"}],"about":[{"href":"https:\/\/www.lodelmomentoloja.com\/index.php?rest_route=\/wp\/v2\/types\/post"}],"author":[{"embeddable":true,"href":"https:\/\/www.lodelmomentoloja.com\/index.php?rest_route=\/wp\/v2\/users\/1"}],"replies":[{"embeddable":true,"href":"https:\/\/www.lodelmomentoloja.com\/index.php?rest_route=%2Fwp%2Fv2%2Fcomments&post=10355"}],"version-history":[{"count":3,"href":"https:\/\/www.lodelmomentoloja.com\/index.php?rest_route=\/wp\/v2\/posts\/10355\/revisions"}],"predecessor-version":[{"id":10368,"href":"https:\/\/www.lodelmomentoloja.com\/index.php?rest_route=\/wp\/v2\/posts\/10355\/revisions\/10368"}],"wp:featuredmedia":[{"embeddable":true,"href":"https:\/\/www.lodelmomentoloja.com\/index.php?rest_route=\/wp\/v2\/media\/10360"}],"wp:attachment":[{"href":"https:\/\/www.lodelmomentoloja.com\/index.php?rest_route=%2Fwp%2Fv2%2Fmedia&parent=10355"}],"wp:term":[{"taxonomy":"category","embeddable":true,"href":"https:\/\/www.lodelmomentoloja.com\/index.php?rest_route=%2Fwp%2Fv2%2Fcategories&post=10355"},{"taxonomy":"post_tag","embeddable":true,"href":"https:\/\/www.lodelmomentoloja.com\/index.php?rest_route=%2Fwp%2Fv2%2Ftags&post=10355"}],"curies":[{"name":"wp","href":"https:\/\/api.w.org\/{rel}","templated":true}]}}