{"id":10309,"date":"2022-07-21T12:00:05","date_gmt":"2022-07-21T12:00:05","guid":{"rendered":"https:\/\/www.lodelmomentoloja.com\/?p=10309"},"modified":"2022-07-21T19:43:40","modified_gmt":"2022-07-21T19:43:40","slug":"johe-jaramillo-es-el-viceministro-de-energias-y-minas","status":"publish","type":"post","link":"https:\/\/www.lodelmomentoloja.com\/?p=10309","title":{"rendered":"Johe Jaramillo es el viceministro de Energ\u00edas y Minas"},"content":{"rendered":"<p>El segundo al mando del Ministerio de Energ\u00eda y Minas Ecuador ser\u00e1 el lojano Johe Jaramillo en reemplazo de Reinaldo Reyes, este 20 de julio de 2022.<\/p>\n<p>A su vez Mariela Arias Espinosa tambi\u00e9n fue nombrada en esta ocasi\u00f3n como directora de Planes, Programas y Seguimiento T\u00e9cnico a Contratos de Hidrocarburos y \u00c1reas Designadas.<\/p>\n<p>Sin embargo, por el delicado momento en la mesa de debate entre la Conaie y el Gobierno, el nuevo viceministro deber\u00e1 ponerse al d\u00eda con el seguimiento de las necesidades del sector.<\/p>\n<p>&nbsp;<\/p>\n<h4>SUS CARGOS EN LA POL\u00cdTICA<\/h4>\n<ul>\n<li dir=\"auto\">Director del Cordicom<\/li>\n<li dir=\"auto\">Director DINSE Loja y Zamora Chinchipe<\/li>\n<li dir=\"auto\">Director General del Servicio de Contrataci\u00f3n de Obras \u2013SECOB<\/li>\n<li dir=\"auto\">Gerente de la Unidad de Negocio CELEC EP GENSUR<\/li>\n<\/ul>\n<p><img loading=\"lazy\" decoding=\"async\" class=\"alignnone wp-image-10311 \" src=\"http:\/\/www.lodelmomentoloja.com\/wp-content\/uploads\/2022\/07\/Sin-titulo-1.jpg\" alt=\"\" width=\"782\" height=\"591\" srcset=\"https:\/\/www.lodelmomentoloja.com\/wp-content\/uploads\/2022\/07\/Sin-titulo-1.jpg 969w, https:\/\/www.lodelmomentoloja.com\/wp-content\/uploads\/2022\/07\/Sin-titulo-1-300x227.jpg 300w, https:\/\/www.lodelmomentoloja.com\/wp-content\/uploads\/2022\/07\/Sin-titulo-1-768x580.jpg 768w, https:\/\/www.lodelmomentoloja.com\/wp-content\/uploads\/2022\/07\/Sin-titulo-1-640x483.jpg 640w\" sizes=\"(max-width: 782px) 100vw, 782px\" \/><\/p>\n<p><em>S\u00edguenos #LDMnoticias \u00f3 #lodelmomentolojaLDM<\/em><\/p>\n","protected":false},"excerpt":{"rendered":"<p>El segundo al mando del Ministerio de Energ\u00eda y Minas Ecuador ser\u00e1 el lojano Johe&#8230;<\/p>\n","protected":false},"author":1,"featured_media":10316,"comment_status":"open","ping_status":"open","sticky":false,"template":"","format":"standard","meta":{"footnotes":""},"categories":[1,5],"tags":[],"class_list":["post-10309","post","type-post","status-publish","format-standard","has-post-thumbnail","hentry","category-inicio","category-loja"],"_links":{"self":[{"href":"https:\/\/www.lodelmomentoloja.com\/index.php?rest_route=\/wp\/v2\/posts\/10309"}],"collection":[{"href":"https:\/\/www.lodelmomentoloja.com\/index.php?rest_route=\/wp\/v2\/posts"}],"about":[{"href":"https:\/\/www.lodelmomentoloja.com\/index.php?rest_route=\/wp\/v2\/types\/post"}],"author":[{"embeddable":true,"href":"https:\/\/www.lodelmomentoloja.com\/index.php?rest_route=\/wp\/v2\/users\/1"}],"replies":[{"embeddable":true,"href":"https:\/\/www.lodelmomentoloja.com\/index.php?rest_route=%2Fwp%2Fv2%2Fcomments&post=10309"}],"version-history":[{"count":3,"href":"https:\/\/www.lodelmomentoloja.com\/index.php?rest_route=\/wp\/v2\/posts\/10309\/revisions"}],"predecessor-version":[{"id":10318,"href":"https:\/\/www.lodelmomentoloja.com\/index.php?rest_route=\/wp\/v2\/posts\/10309\/revisions\/10318"}],"wp:featuredmedia":[{"embeddable":true,"href":"https:\/\/www.lodelmomentoloja.com\/index.php?rest_route=\/wp\/v2\/media\/10316"}],"wp:attachment":[{"href":"https:\/\/www.lodelmomentoloja.com\/index.php?rest_route=%2Fwp%2Fv2%2Fmedia&parent=10309"}],"wp:term":[{"taxonomy":"category","embeddable":true,"href":"https:\/\/www.lodelmomentoloja.com\/index.php?rest_route=%2Fwp%2Fv2%2Fcategories&post=10309"},{"taxonomy":"post_tag","embeddable":true,"href":"https:\/\/www.lodelmomentoloja.com\/index.php?rest_route=%2Fwp%2Fv2%2Ftags&post=10309"}],"curies":[{"name":"wp","href":"https:\/\/api.w.org\/{rel}","templated":true}]}}