{"id":10291,"date":"2022-07-20T12:30:58","date_gmt":"2022-07-20T12:30:58","guid":{"rendered":"https:\/\/www.lodelmomentoloja.com\/?p=10291"},"modified":"2022-07-20T18:24:01","modified_gmt":"2022-07-20T18:24:01","slug":"libertad-fc-enfrentara-de-visitante-al-independiente-jr-por-la-fecha-17","status":"publish","type":"post","link":"https:\/\/www.lodelmomentoloja.com\/?p=10291","title":{"rendered":"Libertad FC enfrentar\u00e1 de visitante al Independiente Jr por la fecha 17"},"content":{"rendered":"<p>El primer plantel de Libertad F.C. se entren\u00f3 esta ma\u00f1ana definiendo lo que ser\u00e1 su pr\u00f3ximo partido que ser\u00e1 frente a Independiente J\u00faniors, partido v\u00e1lido por la fecha 17 de la LigaPro, Serie B 2022<\/p>\n<p>Los trabajos se enfocaron en la parte t\u00e9cnico t\u00e1ctica y trabajo en espacios reducidos. Para esta fecha, el profesor Nelson Tapia no contar\u00e1 con Bryan Rodr\u00edguez por acumulaci\u00f3n de 5 tarjetas amarillas, ni con Robinson Requen\u00e9 por un problema de salud. El resto del plantel se encuentra a disposici\u00f3n.<\/p>\n<h4>Itinerario<\/h4>\n<p>El equipo viaja esta tarde (17h00) v\u00eda a\u00e9rea hasta la ciudad de Quito, donde har\u00e1 base en un hotel de la localidad. El partido se lo juega este mi\u00e9rcoles en el estadio Banco Guayaquil, a partir de las 19h00.<\/p>\n<p>&nbsp;<\/p>\n<h4>RefuerzosLFC<\/h4>\n<p><strong>El joven lateral Pedro Cuero<\/strong>, se suma al primer plantel. Proveniente de Unibolivar, el esmeralde\u00f1o de 21 a\u00f1os reforzar\u00e1 nuestra l\u00ednea defensiva por lo que resta de la temporada.<\/p>\n<p>&nbsp;<\/p>\n<h4>LOS CONVOCADOS<\/h4>\n<p>La lista de convocados por el cuerpo t\u00e9cnico para el partido de esta noche, frente a Independiente Juniors es la siguiente:<\/p>\n<p><strong>ARQUEROS<\/strong><\/p>\n<ul>\n<li>Eduardo Bores.<\/li>\n<li>Anthony Alvarado.<\/li>\n<\/ul>\n<p><strong>DEFENSAS<\/strong><\/p>\n<ul>\n<li>Jonnathan Bravo<\/li>\n<li>Jefferson Qui\u00f1\u00f3nez<\/li>\n<li>Yardely Rodr\u00edguez<\/li>\n<li>Jonathan Ord\u00f3\u00f1ez<\/li>\n<li>Alexis Santacruz<\/li>\n<li>Cristian Enciso<\/li>\n<li>Duffer Carabal\u00ed<\/li>\n<li>Pedro Cuero<\/li>\n<\/ul>\n<p><strong>VOLANTES<\/strong><\/p>\n<ul>\n<li>Jordan Chillambo.<\/li>\n<li>Tiago Serpa<\/li>\n<li>Andr\u00e9s Valverde<\/li>\n<li>Federico Flores<\/li>\n<li>Gonzalo Valenzuela<\/li>\n<li>Pedro Larrea<\/li>\n<\/ul>\n<p><strong>DELANTEROS<\/strong><\/p>\n<ul>\n<li>Anderson Naula<\/li>\n<li>C\u00e9sar Esp\u00edndola<\/li>\n<li>Armando Angulo<\/li>\n<li>Jordan Gaspar<\/li>\n<\/ul>\n<p>&nbsp;<\/p>\n<p><img loading=\"lazy\" decoding=\"async\" class=\"alignnone wp-image-10294 size-full\" src=\"http:\/\/www.lodelmomentoloja.com\/wp-content\/uploads\/2022\/07\/gfrew.jpg\" alt=\"\" width=\"993\" height=\"573\" srcset=\"https:\/\/www.lodelmomentoloja.com\/wp-content\/uploads\/2022\/07\/gfrew.jpg 993w, https:\/\/www.lodelmomentoloja.com\/wp-content\/uploads\/2022\/07\/gfrew-300x173.jpg 300w, https:\/\/www.lodelmomentoloja.com\/wp-content\/uploads\/2022\/07\/gfrew-768x443.jpg 768w, https:\/\/www.lodelmomentoloja.com\/wp-content\/uploads\/2022\/07\/gfrew-640x369.jpg 640w\" sizes=\"(max-width: 993px) 100vw, 993px\" \/><\/p>\n<p><em>S\u00edguenos #LDMnoticias \u00f3 #lodelmomentolojaLDM<\/em><\/p>\n","protected":false},"excerpt":{"rendered":"<p>El primer plantel de Libertad F.C. se entren\u00f3 esta ma\u00f1ana definiendo lo que ser\u00e1 su&#8230;<\/p>\n","protected":false},"author":1,"featured_media":10292,"comment_status":"open","ping_status":"open","sticky":false,"template":"","format":"standard","meta":{"footnotes":""},"categories":[1,5],"tags":[],"class_list":["post-10291","post","type-post","status-publish","format-standard","has-post-thumbnail","hentry","category-inicio","category-loja"],"_links":{"self":[{"href":"https:\/\/www.lodelmomentoloja.com\/index.php?rest_route=\/wp\/v2\/posts\/10291"}],"collection":[{"href":"https:\/\/www.lodelmomentoloja.com\/index.php?rest_route=\/wp\/v2\/posts"}],"about":[{"href":"https:\/\/www.lodelmomentoloja.com\/index.php?rest_route=\/wp\/v2\/types\/post"}],"author":[{"embeddable":true,"href":"https:\/\/www.lodelmomentoloja.com\/index.php?rest_route=\/wp\/v2\/users\/1"}],"replies":[{"embeddable":true,"href":"https:\/\/www.lodelmomentoloja.com\/index.php?rest_route=%2Fwp%2Fv2%2Fcomments&post=10291"}],"version-history":[{"count":3,"href":"https:\/\/www.lodelmomentoloja.com\/index.php?rest_route=\/wp\/v2\/posts\/10291\/revisions"}],"predecessor-version":[{"id":10296,"href":"https:\/\/www.lodelmomentoloja.com\/index.php?rest_route=\/wp\/v2\/posts\/10291\/revisions\/10296"}],"wp:featuredmedia":[{"embeddable":true,"href":"https:\/\/www.lodelmomentoloja.com\/index.php?rest_route=\/wp\/v2\/media\/10292"}],"wp:attachment":[{"href":"https:\/\/www.lodelmomentoloja.com\/index.php?rest_route=%2Fwp%2Fv2%2Fmedia&parent=10291"}],"wp:term":[{"taxonomy":"category","embeddable":true,"href":"https:\/\/www.lodelmomentoloja.com\/index.php?rest_route=%2Fwp%2Fv2%2Fcategories&post=10291"},{"taxonomy":"post_tag","embeddable":true,"href":"https:\/\/www.lodelmomentoloja.com\/index.php?rest_route=%2Fwp%2Fv2%2Ftags&post=10291"}],"curies":[{"name":"wp","href":"https:\/\/api.w.org\/{rel}","templated":true}]}}