{"id":10256,"date":"2022-07-19T10:00:03","date_gmt":"2022-07-19T10:00:03","guid":{"rendered":"https:\/\/www.lodelmomentoloja.com\/?p=10256"},"modified":"2022-07-19T16:46:55","modified_gmt":"2022-07-19T16:46:55","slug":"utpl-presento-convocatoria-para-retos-de-innovacion-abierta-loja-sostenible-2030","status":"publish","type":"post","link":"https:\/\/www.lodelmomentoloja.com\/?p=10256","title":{"rendered":"UTPL present\u00f3 convocatoria para  Retos de Innovaci\u00f3n Abierta Loja Sostenible 2030"},"content":{"rendered":"<p><em>La UTPL present\u00f3 ayer la Convocatoria para Retos de Innovaci\u00f3n Abierta, a rectores de colegios y delegados del Municipio de Loja, Ministerio de Telecomunicaciones entre otros, quienes ser\u00e1n los encargados de motivar la participaci\u00f3n de estudiantes de bachillerato, universitarios, emprendedores y ciudadan\u00eda en esta iniciativa promovida por la universidad.<\/em><\/p>\n<p><img loading=\"lazy\" decoding=\"async\" class=\"alignnone wp-image-10262 size-full\" src=\"http:\/\/www.lodelmomentoloja.com\/wp-content\/uploads\/2022\/07\/wq.jpg\" alt=\"\" width=\"1024\" height=\"482\" srcset=\"https:\/\/www.lodelmomentoloja.com\/wp-content\/uploads\/2022\/07\/wq.jpg 1024w, https:\/\/www.lodelmomentoloja.com\/wp-content\/uploads\/2022\/07\/wq-300x141.jpg 300w, https:\/\/www.lodelmomentoloja.com\/wp-content\/uploads\/2022\/07\/wq-768x362.jpg 768w, https:\/\/www.lodelmomentoloja.com\/wp-content\/uploads\/2022\/07\/wq-640x301.jpg 640w\" sizes=\"(max-width: 1024px) 100vw, 1024px\" \/><\/p>\n<p>La Universidad T\u00e9cnica Particular de Loja (UTPL), en coordinaci\u00f3n con el Ministerio Telecomunicaciones y Sociedad de la Informaci\u00f3n y el Parque Cient\u00edfico y Tecnol\u00f3gico UTPL presentaron, este lunes 18 de julio, la <strong>Convocatoria para Retos<\/strong><strong> de Innovaci\u00f3n Abierta, Loja sostenible 2030: hacia una ciudad inteligente.<\/strong><\/p>\n<p>Mar\u00eda Isabel Loaiza, directora de Innovaci\u00f3n, Formaci\u00f3n y Evaluaci\u00f3n Docente de la UTPL, se\u00f1al\u00f3 que esta actividad pretende fomentar la participaci\u00f3n de la academia, empresa p\u00fablica y privada, emprendedores, estudiantes de bachillerato y universidad, as\u00ed como de la ciudadan\u00eda en general para la generaci\u00f3n de propuestas basadas en el uso de la tecnolog\u00eda de la informaci\u00f3n y la comunicaci\u00f3n (TIC) con el objetivo de mejorar la calidad de la vida de los ciudadanos y el desarrollo de las Ciudades Inteligentes y Sostenibles.<\/p>\n<p>Santiago Acosta Aide, Rector de la UTPL mencion\u00f3 que se necesita la colaboraci\u00f3n de todas las entidades para aportar de forma articulada en el desarrollo de la sociedad de la informaci\u00f3n y lograr un Ecuador sostenible.<\/p>\n<p>&nbsp;<\/p>\n<p><strong>Tem\u00e1ticas<\/strong><\/p>\n<p>Los retos estar\u00e1n enmarcados en las siguientes tem\u00e1ticas: Educaci\u00f3n, Emprendimientos sociales con base tecnol\u00f3gica, Econom\u00eda circular y ambiente, Gobierno abierto y transparente, Hub de conectividad f\u00edsica y digital, Agricultura org\u00e1nica y alimentaci\u00f3n saludable, Salud y medicina preventiva, Turismo e industrias creativas y del ocio, y, Patrimonio natural y cultural.<\/p>\n<p><strong>Inscripciones<\/strong><\/p>\n<p>Las inscripciones para participar iniciaron el<strong> 18 de julio y de recibir\u00e1n<\/strong> hasta el <strong>30 de septiembre de 2022. <\/strong>Los interesados pueden organizarse entre compa\u00f1eros de una misma instituci\u00f3n educativa o hacer alianzas entre estudiantes de varios colegios de varios niveles y tipos de bachillerato. Una vez confirmada la inscripci\u00f3n <strong>hasta el 3 de octubre de 2022 <\/strong>se iniciar\u00e1 el periodo de generaci\u00f3n de ideas\/prototipado, en donde los participantes recibir\u00e1n varias capacitaciones y talleres sobre la metodolog\u00eda de trabajo, asesor\u00eda personalizada e incubaci\u00f3n de ideas y prototipos. Los ganadores recibir\u00e1n becas de estudio en la UTPL y otros premios donados por los patrocinadores, en un evento de premiaci\u00f3n que se llevar\u00e1 a cabo en la \u201cCasa Abierta UTPL 2023\u201d a realizarse en enero del 2023.<\/p>\n<p>Para conocer m\u00e1s detalles de las categor\u00edas y tem\u00e1ticas pueden ingresar a: <strong>retosinnovacion.utpl.edu.ec\/<\/strong><\/p>\n<p>&nbsp;<\/p>\n<p><em>S\u00edguenos #LDMnoticias \u00f3 #lodelmomentolojaLDM<\/em><\/p>\n","protected":false},"excerpt":{"rendered":"<p>La UTPL present\u00f3 ayer la Convocatoria para Retos de Innovaci\u00f3n Abierta, a rectores de colegios&#8230;<\/p>\n","protected":false},"author":1,"featured_media":10260,"comment_status":"open","ping_status":"open","sticky":false,"template":"","format":"standard","meta":{"footnotes":""},"categories":[1,5],"tags":[],"class_list":["post-10256","post","type-post","status-publish","format-standard","has-post-thumbnail","hentry","category-inicio","category-loja"],"_links":{"self":[{"href":"https:\/\/www.lodelmomentoloja.com\/index.php?rest_route=\/wp\/v2\/posts\/10256"}],"collection":[{"href":"https:\/\/www.lodelmomentoloja.com\/index.php?rest_route=\/wp\/v2\/posts"}],"about":[{"href":"https:\/\/www.lodelmomentoloja.com\/index.php?rest_route=\/wp\/v2\/types\/post"}],"author":[{"embeddable":true,"href":"https:\/\/www.lodelmomentoloja.com\/index.php?rest_route=\/wp\/v2\/users\/1"}],"replies":[{"embeddable":true,"href":"https:\/\/www.lodelmomentoloja.com\/index.php?rest_route=%2Fwp%2Fv2%2Fcomments&post=10256"}],"version-history":[{"count":2,"href":"https:\/\/www.lodelmomentoloja.com\/index.php?rest_route=\/wp\/v2\/posts\/10256\/revisions"}],"predecessor-version":[{"id":10263,"href":"https:\/\/www.lodelmomentoloja.com\/index.php?rest_route=\/wp\/v2\/posts\/10256\/revisions\/10263"}],"wp:featuredmedia":[{"embeddable":true,"href":"https:\/\/www.lodelmomentoloja.com\/index.php?rest_route=\/wp\/v2\/media\/10260"}],"wp:attachment":[{"href":"https:\/\/www.lodelmomentoloja.com\/index.php?rest_route=%2Fwp%2Fv2%2Fmedia&parent=10256"}],"wp:term":[{"taxonomy":"category","embeddable":true,"href":"https:\/\/www.lodelmomentoloja.com\/index.php?rest_route=%2Fwp%2Fv2%2Fcategories&post=10256"},{"taxonomy":"post_tag","embeddable":true,"href":"https:\/\/www.lodelmomentoloja.com\/index.php?rest_route=%2Fwp%2Fv2%2Ftags&post=10256"}],"curies":[{"name":"wp","href":"https:\/\/api.w.org\/{rel}","templated":true}]}}