{"id":10253,"date":"2022-07-19T09:43:20","date_gmt":"2022-07-19T09:43:20","guid":{"rendered":"https:\/\/www.lodelmomentoloja.com\/?p=10253"},"modified":"2022-07-19T14:12:09","modified_gmt":"2022-07-19T14:12:09","slug":"masacre-en-carcel-de-santo-domingo","status":"publish","type":"post","link":"https:\/\/www.lodelmomentoloja.com\/?p=10253","title":{"rendered":"Masacre en c\u00e1rcel de Santo Domingo"},"content":{"rendered":"<p>El ministro del Interior Patricio Carrillo, inform\u00f3 sobre la cifra de fallecidos y heridos con tendencia a incrementar pues a\u00fan realizan limpieza dentro de los pabellones donde se realiz\u00f3 la masacre pues los privados de libertad fueron mutilados, decapitados y hasta incinerados.<\/p>\n<p>La autoridad, sostuvo que Santo Domingo est\u00e1 dentro se los centros que ser\u00e1n intervenidos. Que pese a los operativos de limpieza que se han efectuado a\u00fan los ppl tienen armas de todo tipo.<\/p>\n<p>Ademas, el ministro del Interior, Patricio Carrillo, dijo que los enfrentamientos se dieron porque los miembros de la banda delictiva R7, que es una ap\u00e9ndice de los Chone Killers, fueron alertados de la creaci\u00f3n de una nueva organizaci\u00f3n, liderada por alias &#8216;Goyo&#8217;, asesinado en este amotinamiento.<\/p>\n<p>www.lodelmomentoloja.con<\/p>\n<p>#LDMnoticias #lodelmomentolojaLDM<\/p>\n","protected":false},"excerpt":{"rendered":"<p>El ministro del Interior Patricio Carrillo, inform\u00f3 sobre la cifra de fallecidos y heridos con&#8230;<\/p>\n","protected":false},"author":1,"featured_media":10254,"comment_status":"open","ping_status":"open","sticky":false,"template":"","format":"standard","meta":{"footnotes":""},"categories":[7,1],"tags":[],"class_list":["post-10253","post","type-post","status-publish","format-standard","has-post-thumbnail","hentry","category-ecuador","category-inicio"],"_links":{"self":[{"href":"https:\/\/www.lodelmomentoloja.com\/index.php?rest_route=\/wp\/v2\/posts\/10253"}],"collection":[{"href":"https:\/\/www.lodelmomentoloja.com\/index.php?rest_route=\/wp\/v2\/posts"}],"about":[{"href":"https:\/\/www.lodelmomentoloja.com\/index.php?rest_route=\/wp\/v2\/types\/post"}],"author":[{"embeddable":true,"href":"https:\/\/www.lodelmomentoloja.com\/index.php?rest_route=\/wp\/v2\/users\/1"}],"replies":[{"embeddable":true,"href":"https:\/\/www.lodelmomentoloja.com\/index.php?rest_route=%2Fwp%2Fv2%2Fcomments&post=10253"}],"version-history":[{"count":1,"href":"https:\/\/www.lodelmomentoloja.com\/index.php?rest_route=\/wp\/v2\/posts\/10253\/revisions"}],"predecessor-version":[{"id":10255,"href":"https:\/\/www.lodelmomentoloja.com\/index.php?rest_route=\/wp\/v2\/posts\/10253\/revisions\/10255"}],"wp:featuredmedia":[{"embeddable":true,"href":"https:\/\/www.lodelmomentoloja.com\/index.php?rest_route=\/wp\/v2\/media\/10254"}],"wp:attachment":[{"href":"https:\/\/www.lodelmomentoloja.com\/index.php?rest_route=%2Fwp%2Fv2%2Fmedia&parent=10253"}],"wp:term":[{"taxonomy":"category","embeddable":true,"href":"https:\/\/www.lodelmomentoloja.com\/index.php?rest_route=%2Fwp%2Fv2%2Fcategories&post=10253"},{"taxonomy":"post_tag","embeddable":true,"href":"https:\/\/www.lodelmomentoloja.com\/index.php?rest_route=%2Fwp%2Fv2%2Ftags&post=10253"}],"curies":[{"name":"wp","href":"https:\/\/api.w.org\/{rel}","templated":true}]}}