{"id":10229,"date":"2022-07-18T08:15:41","date_gmt":"2022-07-18T08:15:41","guid":{"rendered":"https:\/\/www.lodelmomentoloja.com\/?p=10229"},"modified":"2022-07-18T13:16:44","modified_gmt":"2022-07-18T13:16:44","slug":"nuevo-presidente-de-izquierda-democratica","status":"publish","type":"post","link":"https:\/\/www.lodelmomentoloja.com\/?p=10229","title":{"rendered":"Nuevo presidente de Izquierda Democr\u00e1tica"},"content":{"rendered":"<p>#Nacional | CNE reconoce a Enrique Ch\u00e1vez como presidente nacional de Izquierda Democr\u00e1tica lista 12<\/p>\n<p>El pleno del CNE resolvi\u00f3 registrar la remoci\u00f3n del se\u00f1or Guillermo Herrera Villareal del cargo de Presidente Nacional del partido Izquierda Democr\u00e1tica y el encargo en esa dignidad al compa\u00f1ero Enrique Ch\u00e1vez, hasta que la Convenci\u00f3n Nacional, como m\u00e1ximo \u00f3rgano elija las nuevas autoridades. La decisi\u00f3n cont\u00f3 con los votos de la presidenta Diana Atamaint, el vicepresidente Enrique Pita y los consejeros Jos\u00e9 Cabrera y Esthela Acero, en la sesi\u00f3n Nro. 52 efectuada el s\u00e1bado 16 de julio 2022.<\/p>\n<p>Con la decisi\u00f3n del m\u00e1ximo organismo electoral ecuatoriano, se reconoce lo resuelto en las sesiones extraordinarias de la Convenci\u00f3n Nacional, convocadas por la mayor\u00eda de los presidentes provinciales y de las circunscripciones en el exterior de Izquierda Democr\u00e1tica, desarrolladas los d\u00edas 30 de abril y 4 de junio de 2022, en las provincias de Manab\u00ed y Santo Domingo de los Ts\u00e1chilas, respectivamente.<\/p>\n<p>www.lodelmomentoloja.com<br \/>\n#LDMnoticias #lodelmomentolojaLDM<\/p>\n","protected":false},"excerpt":{"rendered":"<p>#Nacional | CNE reconoce a Enrique Ch\u00e1vez como presidente nacional de Izquierda Democr\u00e1tica lista 12&#8230;<\/p>\n","protected":false},"author":1,"featured_media":10230,"comment_status":"open","ping_status":"open","sticky":false,"template":"","format":"standard","meta":{"footnotes":""},"categories":[7,1],"tags":[],"class_list":["post-10229","post","type-post","status-publish","format-standard","has-post-thumbnail","hentry","category-ecuador","category-inicio"],"_links":{"self":[{"href":"https:\/\/www.lodelmomentoloja.com\/index.php?rest_route=\/wp\/v2\/posts\/10229"}],"collection":[{"href":"https:\/\/www.lodelmomentoloja.com\/index.php?rest_route=\/wp\/v2\/posts"}],"about":[{"href":"https:\/\/www.lodelmomentoloja.com\/index.php?rest_route=\/wp\/v2\/types\/post"}],"author":[{"embeddable":true,"href":"https:\/\/www.lodelmomentoloja.com\/index.php?rest_route=\/wp\/v2\/users\/1"}],"replies":[{"embeddable":true,"href":"https:\/\/www.lodelmomentoloja.com\/index.php?rest_route=%2Fwp%2Fv2%2Fcomments&post=10229"}],"version-history":[{"count":1,"href":"https:\/\/www.lodelmomentoloja.com\/index.php?rest_route=\/wp\/v2\/posts\/10229\/revisions"}],"predecessor-version":[{"id":10231,"href":"https:\/\/www.lodelmomentoloja.com\/index.php?rest_route=\/wp\/v2\/posts\/10229\/revisions\/10231"}],"wp:featuredmedia":[{"embeddable":true,"href":"https:\/\/www.lodelmomentoloja.com\/index.php?rest_route=\/wp\/v2\/media\/10230"}],"wp:attachment":[{"href":"https:\/\/www.lodelmomentoloja.com\/index.php?rest_route=%2Fwp%2Fv2%2Fmedia&parent=10229"}],"wp:term":[{"taxonomy":"category","embeddable":true,"href":"https:\/\/www.lodelmomentoloja.com\/index.php?rest_route=%2Fwp%2Fv2%2Fcategories&post=10229"},{"taxonomy":"post_tag","embeddable":true,"href":"https:\/\/www.lodelmomentoloja.com\/index.php?rest_route=%2Fwp%2Fv2%2Ftags&post=10229"}],"curies":[{"name":"wp","href":"https:\/\/api.w.org\/{rel}","templated":true}]}}