{"id":10217,"date":"2022-07-15T11:11:47","date_gmt":"2022-07-15T11:11:47","guid":{"rendered":"https:\/\/www.lodelmomentoloja.com\/?p=10217"},"modified":"2022-07-15T16:15:28","modified_gmt":"2022-07-15T16:15:28","slug":"fiscalia-abre-investigacion-en-contra-de-guillermo-lasso-y-dos-ministros","status":"publish","type":"post","link":"https:\/\/www.lodelmomentoloja.com\/?p=10217","title":{"rendered":"Fiscal\u00eda abre investigaci\u00f3n en contra de Guillermo Lasso y dos ministros."},"content":{"rendered":"<p>#Ecuador | La Fiscal\u00eda General del Estado (FGE) inici\u00f3 la investigaci\u00f3n previa en contra del presidente\u00a0<b>Guillermo Lasso\u00a0<\/b>y los ministros del\u00a0<b>Interior<\/b>, Patricio Carrillo, y de\u00a0<b>Defensa<\/b>, Luis Lara, seg\u00fan inform\u00f3 la\u00a0<b>Confederaci\u00f3n de Nacionalidades Ind\u00edgenas del Ecuador (Conaie)<\/b>, organizaci\u00f3n que present\u00f3 la denuncia.<\/p>\n<p>La investigaci\u00f3n se da por el presunto delito de privaci\u00f3n ilegal de libertad del presidente de esa organizaci\u00f3n,\u00a0<b>Leonidas Iza<\/b>. Con base en la detenci\u00f3n del dirigente ind\u00edgena el 14 de junio de 2022, al inicio de la jornada de movilizaciones.<\/p>\n<p>La Conaie hizo p\u00fablicos los documentos con los que fueron notificados de la apertura de la acci\u00f3n.<\/p>\n<p><small>www.lodelmomentoloja.com<\/small><\/p>\n<p>#LDMnoticias #lodelmomentolojaLDM<\/p>\n","protected":false},"excerpt":{"rendered":"<p>#Ecuador | La Fiscal\u00eda General del Estado (FGE) inici\u00f3 la investigaci\u00f3n previa en contra del&#8230;<\/p>\n","protected":false},"author":1,"featured_media":10218,"comment_status":"open","ping_status":"open","sticky":false,"template":"","format":"standard","meta":{"footnotes":""},"categories":[7,1],"tags":[],"class_list":["post-10217","post","type-post","status-publish","format-standard","has-post-thumbnail","hentry","category-ecuador","category-inicio"],"_links":{"self":[{"href":"https:\/\/www.lodelmomentoloja.com\/index.php?rest_route=\/wp\/v2\/posts\/10217"}],"collection":[{"href":"https:\/\/www.lodelmomentoloja.com\/index.php?rest_route=\/wp\/v2\/posts"}],"about":[{"href":"https:\/\/www.lodelmomentoloja.com\/index.php?rest_route=\/wp\/v2\/types\/post"}],"author":[{"embeddable":true,"href":"https:\/\/www.lodelmomentoloja.com\/index.php?rest_route=\/wp\/v2\/users\/1"}],"replies":[{"embeddable":true,"href":"https:\/\/www.lodelmomentoloja.com\/index.php?rest_route=%2Fwp%2Fv2%2Fcomments&post=10217"}],"version-history":[{"count":1,"href":"https:\/\/www.lodelmomentoloja.com\/index.php?rest_route=\/wp\/v2\/posts\/10217\/revisions"}],"predecessor-version":[{"id":10219,"href":"https:\/\/www.lodelmomentoloja.com\/index.php?rest_route=\/wp\/v2\/posts\/10217\/revisions\/10219"}],"wp:featuredmedia":[{"embeddable":true,"href":"https:\/\/www.lodelmomentoloja.com\/index.php?rest_route=\/wp\/v2\/media\/10218"}],"wp:attachment":[{"href":"https:\/\/www.lodelmomentoloja.com\/index.php?rest_route=%2Fwp%2Fv2%2Fmedia&parent=10217"}],"wp:term":[{"taxonomy":"category","embeddable":true,"href":"https:\/\/www.lodelmomentoloja.com\/index.php?rest_route=%2Fwp%2Fv2%2Fcategories&post=10217"},{"taxonomy":"post_tag","embeddable":true,"href":"https:\/\/www.lodelmomentoloja.com\/index.php?rest_route=%2Fwp%2Fv2%2Ftags&post=10217"}],"curies":[{"name":"wp","href":"https:\/\/api.w.org\/{rel}","templated":true}]}}