{"id":10198,"date":"2022-07-14T17:12:40","date_gmt":"2022-07-14T17:12:40","guid":{"rendered":"https:\/\/www.lodelmomentoloja.com\/?p=10198"},"modified":"2022-07-14T22:14:06","modified_gmt":"2022-07-14T22:14:06","slug":"yesena-guamani-es-destituida-de-la-segunda-vicepresidencia-de-la-asamblea-nacional","status":"publish","type":"post","link":"https:\/\/www.lodelmomentoloja.com\/?p=10198","title":{"rendered":"Yese\u00f1a Guaman\u00ed es destituida de la segunda vicepresidencia de la Asamblea Nacional"},"content":{"rendered":"<p>#Ecuador | Yese\u00f1a Guaman\u00ed dice adi\u00f3s a su cargo como segunda vicepresidenta de la Asamblea Nacional.<\/p>\n<p>El pleno de la asamble, reuni\u00f3 83 votos a favor de la moci\u00f3n que present\u00f3 el socialcristiano Luis Almeida, que acoge el informe elaborado por la comisi\u00f3n pluripartidista, en el que se estableci\u00f3 que Guaman\u00ed incumpli\u00f3 lo dispuesto en los art\u00edculos 14, numeral 2, y 56 de la Ley Org\u00e1nica de la Funci\u00f3n Legislativa.<\/p>\n<p>Los votos provinieron de las bancadas de Uni\u00f3n por la Esperanza (UNES), Partido Social Cristiano (PSC), disidentes de la Izquierda Democr\u00e1tica, algunos legisladores de Pachakutik e independientes. En contra votaron la Bancada Acuerdo Nacional y la Izquierda Democr\u00e1tica. Tambi\u00e9n hubo seis abstenciones.<\/p>\n<p>\u00bfC\u00f3mo votaron los asamble\u00edstas de Loja?<\/p>\n<p>\u2705 Luc\u00eda Placencia vot\u00f3 SI.<br \/>\n\u2705 Johanna Ortiz vot\u00f3 SI<br \/>\n\u2705 Manuel Medina vot\u00f3 SI<br \/>\n\u274c Byron Maldonado vot\u00f3 NO<\/p>\n<p>www.lodelmomentoloja.com<br \/>\n#LDMnoticias #lodelmomentolojaLDM<\/p>\n","protected":false},"excerpt":{"rendered":"<p>#Ecuador | Yese\u00f1a Guaman\u00ed dice adi\u00f3s a su cargo como segunda vicepresidenta de la Asamblea&#8230;<\/p>\n","protected":false},"author":1,"featured_media":10199,"comment_status":"open","ping_status":"open","sticky":false,"template":"","format":"standard","meta":{"footnotes":""},"categories":[7,1],"tags":[],"class_list":["post-10198","post","type-post","status-publish","format-standard","has-post-thumbnail","hentry","category-ecuador","category-inicio"],"_links":{"self":[{"href":"https:\/\/www.lodelmomentoloja.com\/index.php?rest_route=\/wp\/v2\/posts\/10198"}],"collection":[{"href":"https:\/\/www.lodelmomentoloja.com\/index.php?rest_route=\/wp\/v2\/posts"}],"about":[{"href":"https:\/\/www.lodelmomentoloja.com\/index.php?rest_route=\/wp\/v2\/types\/post"}],"author":[{"embeddable":true,"href":"https:\/\/www.lodelmomentoloja.com\/index.php?rest_route=\/wp\/v2\/users\/1"}],"replies":[{"embeddable":true,"href":"https:\/\/www.lodelmomentoloja.com\/index.php?rest_route=%2Fwp%2Fv2%2Fcomments&post=10198"}],"version-history":[{"count":1,"href":"https:\/\/www.lodelmomentoloja.com\/index.php?rest_route=\/wp\/v2\/posts\/10198\/revisions"}],"predecessor-version":[{"id":10200,"href":"https:\/\/www.lodelmomentoloja.com\/index.php?rest_route=\/wp\/v2\/posts\/10198\/revisions\/10200"}],"wp:featuredmedia":[{"embeddable":true,"href":"https:\/\/www.lodelmomentoloja.com\/index.php?rest_route=\/wp\/v2\/media\/10199"}],"wp:attachment":[{"href":"https:\/\/www.lodelmomentoloja.com\/index.php?rest_route=%2Fwp%2Fv2%2Fmedia&parent=10198"}],"wp:term":[{"taxonomy":"category","embeddable":true,"href":"https:\/\/www.lodelmomentoloja.com\/index.php?rest_route=%2Fwp%2Fv2%2Fcategories&post=10198"},{"taxonomy":"post_tag","embeddable":true,"href":"https:\/\/www.lodelmomentoloja.com\/index.php?rest_route=%2Fwp%2Fv2%2Ftags&post=10198"}],"curies":[{"name":"wp","href":"https:\/\/api.w.org\/{rel}","templated":true}]}}