{"id":10162,"date":"2022-07-13T08:26:17","date_gmt":"2022-07-13T08:26:17","guid":{"rendered":"https:\/\/www.lodelmomentoloja.com\/?p=10162"},"modified":"2022-07-13T13:30:02","modified_gmt":"2022-07-13T13:30:02","slug":"une-anuncia-movilizaciones-a-nivel-nacional","status":"publish","type":"post","link":"https:\/\/www.lodelmomentoloja.com\/?p=10162","title":{"rendered":"UNE anuncia movilizaciones a nivel nacional."},"content":{"rendered":"<p>#Ecuador | <strong>Uni\u00f3n Nacional de Educadores<\/strong>\u00a0(UNE) convoc\u00f3 para el mi\u00e9rcoles 13 de julio a una\u00a0<strong>movilizaci\u00f3n nacional\u00a0<\/strong>para exigir que el Gobierno publique en el Registro Oficial las reformas referentes a la\u00a0<strong>equiparaci\u00f3n salarial\u00a0<\/strong>de los docentes; as\u00ed como para rechazar &#8220;la criminalizaci\u00f3n de la<strong>\u00a0lucha social\u00a0<\/strong>y la pol\u00edtica antipopular&#8221; del presidente Guillermo Lasso.<\/p>\n<p>El gremio sindical indic\u00f3 a trav\u00e9s de un comunicado que han transcurrido <strong>45 d\u00edas<\/strong>\u00a0desde que la Corte Constitucional dio su dictamen de constitucionalidad a la\u00a0<strong>Ley\u00a0Org\u00e1nica de Educaci\u00f3n Intercultural<\/strong>, que aprueba el incremento de\u00a0<strong>sueldos a los docentes<\/strong>, pero el Ejecutivo no la ha publicado en el Registro Oficial.<\/p>\n<p>Esto debido a que, indica la UNE, el\u00a0<strong>Presidente y la Procuradu\u00eda\u00a0<\/strong>interpusieron un recurso de aclaraci\u00f3n y ampliaci\u00f3n &#8220;que busca dilatar la ejecuci\u00f3n de la sentencia&#8221;.<\/p>\n<p>Fuente: El Comercio<\/p>\n<p>www.lodelmomentoloja.com<\/p>\n<p>#LDMnoticias #lodelmomentolojaLDM<\/p>\n<p>&nbsp;<\/p>\n","protected":false},"excerpt":{"rendered":"<p>#Ecuador | Uni\u00f3n Nacional de Educadores\u00a0(UNE) convoc\u00f3 para el mi\u00e9rcoles 13 de julio a una\u00a0movilizaci\u00f3n&#8230;<\/p>\n","protected":false},"author":1,"featured_media":10163,"comment_status":"open","ping_status":"open","sticky":false,"template":"","format":"standard","meta":{"footnotes":""},"categories":[7,1],"tags":[],"class_list":["post-10162","post","type-post","status-publish","format-standard","has-post-thumbnail","hentry","category-ecuador","category-inicio"],"_links":{"self":[{"href":"https:\/\/www.lodelmomentoloja.com\/index.php?rest_route=\/wp\/v2\/posts\/10162"}],"collection":[{"href":"https:\/\/www.lodelmomentoloja.com\/index.php?rest_route=\/wp\/v2\/posts"}],"about":[{"href":"https:\/\/www.lodelmomentoloja.com\/index.php?rest_route=\/wp\/v2\/types\/post"}],"author":[{"embeddable":true,"href":"https:\/\/www.lodelmomentoloja.com\/index.php?rest_route=\/wp\/v2\/users\/1"}],"replies":[{"embeddable":true,"href":"https:\/\/www.lodelmomentoloja.com\/index.php?rest_route=%2Fwp%2Fv2%2Fcomments&post=10162"}],"version-history":[{"count":1,"href":"https:\/\/www.lodelmomentoloja.com\/index.php?rest_route=\/wp\/v2\/posts\/10162\/revisions"}],"predecessor-version":[{"id":10164,"href":"https:\/\/www.lodelmomentoloja.com\/index.php?rest_route=\/wp\/v2\/posts\/10162\/revisions\/10164"}],"wp:featuredmedia":[{"embeddable":true,"href":"https:\/\/www.lodelmomentoloja.com\/index.php?rest_route=\/wp\/v2\/media\/10163"}],"wp:attachment":[{"href":"https:\/\/www.lodelmomentoloja.com\/index.php?rest_route=%2Fwp%2Fv2%2Fmedia&parent=10162"}],"wp:term":[{"taxonomy":"category","embeddable":true,"href":"https:\/\/www.lodelmomentoloja.com\/index.php?rest_route=%2Fwp%2Fv2%2Fcategories&post=10162"},{"taxonomy":"post_tag","embeddable":true,"href":"https:\/\/www.lodelmomentoloja.com\/index.php?rest_route=%2Fwp%2Fv2%2Ftags&post=10162"}],"curies":[{"name":"wp","href":"https:\/\/api.w.org\/{rel}","templated":true}]}}